{"id":8836,"date":"2014-01-30T09:18:30","date_gmt":"2014-01-30T08:18:30","guid":{"rendered":"http:\/\/archivio.comune.potenza.it\/comune_wp\/?p=8836"},"modified":"2014-01-30T09:18:30","modified_gmt":"2014-01-30T08:18:30","slug":"nicola-becce-popolo-della-liberta-sicurezza-delle-scuole-pubbliche-e-del-tribunale","status":"publish","type":"post","link":"https:\/\/archivio.comune.potenza.it\/?p=8836","title":{"rendered":"Nicola Becce (Popolo della Libert\u00e0): Sicurezza delle Scuole pubbliche e del Tribunale"},"content":{"rendered":"<p>L&#8217;anno giudiziario appena inaugurato ha portato all&#8217;attenzione dei media anche un tema tutt&#8217;altro che trascurabile. La sicurezza e l&#8217;agibilit\u00e0 del Tribunale di Potenza. Vicenda sollevata nei giorni scorsi con forza da un ex consigliere regionale e che chiama tutti noi a non abbassare la guardia, una volta sentiti i riflettori legati all&#8217;appuntamento giudiziario. Non \u00e8 un caso che il tema acquisti una rilevanza sociale importantissima dopo il recente crollo di Matera e dopo che proprio nella citt\u00e0 di Potenza il sindaco ha firmato un&#8217;ordinanza di chiusura per la scuola elementare San Giovanni Bosco in via Verdi. E cos\u00ec le notizie pubblicate dall\u2019ex consigliere regionale, con l&#8217;allarmante dato per cui nel Palazzo di Giustizia mancherebbero una serie di condizioni di sicurezza, impongono una serie di quesiti a cui l&#8217;amministrazione \u00e8 chiamata a dare conto. Anzitutto: \u00e8 possibile sapere se tutte le scuole comunali ed il Tribunale di Potenza sono in possesso di\u00a0 collaudo statico, certificato di agibilit\u00e0, certificato di prevenzione incendio, certificato di vulnerabilit\u00e0 sismica? Domande che lungi da una sterile polemica politica hanno lo scopo di accertare le reali condizioni di sicurezza e soprattutto rassicurare tanti genitori. E&#8217; appena il caso di ricordare infatti che tanto per il tribunale che per quasi tutte le scuole la costruzione \u00e8 antecedente il terremoto del 1980 mentre il palazzo di giustizia \u00e8 stato realizzato negli anni 70 quando ancora Potenza non veniva indicata come citt\u00e0 a rischio sismico.<\/p>\n<p>\u00a0<\/p>\n","protected":false},"excerpt":{"rendered":"<p>L&#8217;anno giudiziario appena inaugurato ha portato all&#8217;attenzione dei media anche un tema tutt&#8217;altro che trascurabile. La sicurezza e l&#8217;agibilit\u00e0 del Tribunale di Potenza. Vicenda sollevata &#8230; <\/p>\n","protected":false},"author":1,"featured_media":0,"comment_status":"closed","ping_status":"closed","sticky":false,"template":"single-sidebar.php","format":"standard","meta":{"footnotes":""},"categories":[384],"tags":[],"class_list":["post-8836","post","type-post","status-publish","format-standard","hentry","category-c243-comunicati-stampa-dei-consiglieri-243"],"_links":{"self":[{"href":"https:\/\/archivio.comune.potenza.it\/index.php?rest_route=\/wp\/v2\/posts\/8836"}],"collection":[{"href":"https:\/\/archivio.comune.potenza.it\/index.php?rest_route=\/wp\/v2\/posts"}],"about":[{"href":"https:\/\/archivio.comune.potenza.it\/index.php?rest_route=\/wp\/v2\/types\/post"}],"author":[{"embeddable":true,"href":"https:\/\/archivio.comune.potenza.it\/index.php?rest_route=\/wp\/v2\/users\/1"}],"replies":[{"embeddable":true,"href":"https:\/\/archivio.comune.potenza.it\/index.php?rest_route=%2Fwp%2Fv2%2Fcomments&post=8836"}],"version-history":[{"count":0,"href":"https:\/\/archivio.comune.potenza.it\/index.php?rest_route=\/wp\/v2\/posts\/8836\/revisions"}],"wp:attachment":[{"href":"https:\/\/archivio.comune.potenza.it\/index.php?rest_route=%2Fwp%2Fv2%2Fmedia&parent=8836"}],"wp:term":[{"taxonomy":"category","embeddable":true,"href":"https:\/\/archivio.comune.potenza.it\/index.php?rest_route=%2Fwp%2Fv2%2Fcategories&post=8836"},{"taxonomy":"post_tag","embeddable":true,"href":"https:\/\/archivio.comune.potenza.it\/index.php?rest_route=%2Fwp%2Fv2%2Ftags&post=8836"}],"curies":[{"name":"wp","href":"https:\/\/api.w.org\/{rel}","templated":true}]}}