{"id":8838,"date":"2014-01-30T09:25:31","date_gmt":"2014-01-30T08:25:31","guid":{"rendered":"http:\/\/archivio.comune.potenza.it\/comune_wp\/?p=8838"},"modified":"2014-01-30T09:25:31","modified_gmt":"2014-01-30T08:25:31","slug":"gianpaolo-carretta-partito-democratico-problematica-siderpotenza","status":"publish","type":"post","link":"https:\/\/archivio.comune.potenza.it\/?p=8838","title":{"rendered":"Gianpaolo Carretta (Partito Democratico): Problematica Siderpotenza"},"content":{"rendered":"<p>In attesa dei dati della 3\u00aa campagna di rilevamento attualmente in corso per valutare, in modo attento e puntuale, l&#8217;impatto ambientale e l&#8217;inquinamento atmosferico che interessa la zona intorno all&#8217;ex SiderPotenza, continua l&#8217;allerta e l&#8217;interessamento dell&#8217;Amministrazione comunale, che, ha gi\u00e0 espresso la necessit\u00e0 di far partire immediatamente ulteriori controlli al camino dello stabilimento, di prolungare la campagna di monitoraggio per almeno un anno, di investire l&#8217;Istituto Superiore di Sanit\u00e0 e l&#8217;ISPRA, affinch\u00e9 esprimano un parere sui dati forniti dall&#8217;Arpab e di nominare un esperto che segua l&#8217;intera vicenda.<\/p>\n<p>I residenti della zona, le associazioni ambientaliste e tutti i cittadini chiedono giustamente a gran voce che la situazione venga quotidianamente monitorata, a tutela della salute pubblica dell&#8217;intera comunit\u00e0, ma ci\u00f2 \u00e8 quanto preme anche all&#8217;Amministrazione comunale, che considera assolutamente doveroso effettuare tutti gli approfondimenti necessari per ottenere risposte certe sui livelli delle sostanze tossiche presenti nell&#8217;ambiente e che, con nota a firma del Sindaco, ha gi\u00e0 proposto una convenzione finalizzata ad una valutazione sotto il profilo sanitario, al Capo del Dipartimento Sanit\u00e0 Pubblica della Facolt\u00e0 di Medicina e Chirurgia della Universit\u00e0 Federico II di Napoli.<\/p>\n<p>Un primo incontro con il Prof. De Felice dell&#8217;Universit\u00e0 Federico II e Direttore Scientifico di Biogem, \u00e8 avvenuto ieri nella sede del Comune di Potenza, dal quale \u00e8 emersa la necessit\u00e0 di effettuare un&#8217;indagine epidemiologica\u00a0 nelle aree urbane interessate, valutazione che ora l&#8217;Amministrazione comunale dovr\u00e0 fare unitamente alla Regione Basilicata e all&#8217;ASP.<\/p>\n<p>Ma la questione di maggior rilievo rimane la localizzazione dell&#8217;impianto, troppo vicino al centro urbano, troppo dannoso per la salute della popolazione, ragione per cui sarebbe auspicabile attivare tutte le azioni necessarie per programmare nel tempo, anche per siti similari, la delocalizzazione dello stesso in un luogo lontano dai centri abitati e dai suoli agricoli e di allevamento.<\/p>\n<p>Ricordiamo quanto la legislazione italiana sia ancora troppo permissiva sull&#8217;applicazione dei limiti da non superare e, per quanto, l&#8217;Autorizzazione integrata ambientale (Aia) abbia rassicurato che, per il momento, non siamo fuori da tali parametri, i valori guida internazionali, pi\u00f9 fiscali, ci inducono a pensare che non bisogna sottovalutare un&#8217;eventuale possibilit\u00e0 di rischio.<\/p>\n","protected":false},"excerpt":{"rendered":"<p>In attesa dei dati della 3\u00aa campagna di rilevamento attualmente in corso per valutare, in modo attento e puntuale, l&#8217;impatto ambientale e l&#8217;inquinamento atmosferico che &#8230; <\/p>\n","protected":false},"author":1,"featured_media":0,"comment_status":"closed","ping_status":"closed","sticky":false,"template":"single-sidebar.php","format":"standard","meta":{"footnotes":""},"categories":[384],"tags":[],"class_list":["post-8838","post","type-post","status-publish","format-standard","hentry","category-c243-comunicati-stampa-dei-consiglieri-243"],"_links":{"self":[{"href":"https:\/\/archivio.comune.potenza.it\/index.php?rest_route=\/wp\/v2\/posts\/8838"}],"collection":[{"href":"https:\/\/archivio.comune.potenza.it\/index.php?rest_route=\/wp\/v2\/posts"}],"about":[{"href":"https:\/\/archivio.comune.potenza.it\/index.php?rest_route=\/wp\/v2\/types\/post"}],"author":[{"embeddable":true,"href":"https:\/\/archivio.comune.potenza.it\/index.php?rest_route=\/wp\/v2\/users\/1"}],"replies":[{"embeddable":true,"href":"https:\/\/archivio.comune.potenza.it\/index.php?rest_route=%2Fwp%2Fv2%2Fcomments&post=8838"}],"version-history":[{"count":0,"href":"https:\/\/archivio.comune.potenza.it\/index.php?rest_route=\/wp\/v2\/posts\/8838\/revisions"}],"wp:attachment":[{"href":"https:\/\/archivio.comune.potenza.it\/index.php?rest_route=%2Fwp%2Fv2%2Fmedia&parent=8838"}],"wp:term":[{"taxonomy":"category","embeddable":true,"href":"https:\/\/archivio.comune.potenza.it\/index.php?rest_route=%2Fwp%2Fv2%2Fcategories&post=8838"},{"taxonomy":"post_tag","embeddable":true,"href":"https:\/\/archivio.comune.potenza.it\/index.php?rest_route=%2Fwp%2Fv2%2Ftags&post=8838"}],"curies":[{"name":"wp","href":"https:\/\/api.w.org\/{rel}","templated":true}]}}