{"id":8910,"date":"2014-02-12T14:26:23","date_gmt":"2014-02-12T13:26:23","guid":{"rendered":"http:\/\/archivio.comune.potenza.it\/comune_wp\/?p=8910"},"modified":"2014-02-12T14:26:23","modified_gmt":"2014-02-12T13:26:23","slug":"salvatore-lacerra-mal-mpa-lettera-all-onorevole","status":"publish","type":"post","link":"https:\/\/archivio.comune.potenza.it\/?p=8910","title":{"rendered":"Salvatore Lacerra (MAL-MPA): Lettera all&#8217;Onorevole"},"content":{"rendered":"<p>Onorevole, Le scrivo!<\/p>\n<p>Nonostante sia un Onorevole. le poche volte che lo chiamo mi risponde e ha piacere di parlare con me, finanche di politica. Per alcuni non \u00e8 simpatico, per altri \u00e8 una volpe, per me \u00e8 una intelligenza curiosa. E non \u00e8 poco. Ad una mia battuta sulla ingiustizia di dare soldi alle banche Lui, l\u2019Onorevole, mi ha immediatamente chiesto l\u2019indirizzo mail e mandato una nota che chiarisce la vicenda. Ne approfitto, Onorevole, per rappresentarle alcune questioni.<\/p>\n<p>Il tema \u00e8 l\u2019approvazione della soppressone della seconda rata IMU legata al valore delle azioni della Banca d\u2019Italia.<\/p>\n<p>Il Patrimonio deriva dalla parola padre (pater) e compito &#8211; funzione (munus). Il significato \u00e8 conosciuto da tutti noi, figli di una stessa storia: compito del padre o beni appartenenti al padre. E nel senso comune le cose si sono sempre fuse: compito del padre \u00e8 creare, conservare e accrescere ricchezza per i figli.<\/p>\n<p>Le\u00a0 evidenzio Onorevole come la parola Patria abbia una etimologia molto simile: padre \u2013 terra.<\/p>\n<p>In diritto il patrimonio \u00e8 la somma dei rapporti giuridici, ma quello che mi interessa \u00e8 questo: il patrimonio \u00e8 vera ricchezza?<\/p>\n<p>La ricchezza, cio\u00e8 la larga disponibilit\u00e0 di beni materiali e danaro pu\u00f2 individuarsi nel patrimonio (inteso anche come immobili)? Certo che no. No perch\u00e9 spesso il \u201cpatrimonio \u201c arriva senza merito (eredit\u00e0), no perch\u00e9 in Italia il patrimonio \u00e8 (era) nelle mani della comunit\u00e0 e la stragrande maggioranza dei cittadini vive in case di propriet\u00e0, no perch\u00e9 il patrimonio immobiliare \u00e8\u00a0 una sorta di \u201cgaranzia\u201d che non produce automaticamente reddito e non \u00e8 legata all\u2019avere risorse economiche.<\/p>\n<p>Il patrimonio \u00e8 di fatto\u00a0 il \u201ccorredo\u201d che i genitori preparano per facilitare l\u2019ingresso alla vita dei propri figli. Il patrimonio \u00e8 solo il risparmio di una vita!<\/p>\n<p>E\u2019 giusto tassare il patrimonio immobiliare, \u00e8 giusta l\u2019IMU?\u00a0 A me pare di no. Semplicemente perch\u00e9 il risparmio, l\u2019azione virtuosa che permette di \u201ccreare\u201d fondi per investimenti non pu\u00f2 essere tassata, deve anzi essere favorita. Del resto il risparmio viene tassato se produce reddito, com\u2019\u00e8 giusto che sia. Vengono tassati gli interessi sul capitale, le plusvalenze sugli investimenti, i canoni se gli immobili vengono fittati.<\/p>\n<p>Voler tassare il patrimonio di fatto ha creato una crepa nel sistema che sta minando la ricchezza dei cittadini e conseguentemente la ricchezza dello stato che \u00e8 la somma delle ricchezze individuali.\u00a0 E non mi dica che \u00e8 la crisi, la crisi agisce. Il guaio \u00e8 che non trova limite proprio perch\u00e9\u00a0 la crepa IMU e l\u2019incattivirsi della tassazione sul patrimonio hanno reso evidente che lo stato, che Lei rappresenta, non ha pi\u00f9 quei riferimenti su cui \u00e8 fondata la nostra Repubblica, si rilegga l\u2019art. 47 della Costituzione. Il risparmio \u00e8 da sempre una virt\u00f9, ed \u00e8 la virt\u00f9 che ha reso grande la nazione, che ha reso solide e grandi le nostre banche.<\/p>\n<p>Lei nella sua mail mi ha girato una nota in cui si evidenzia che la seconda rata dell\u2019IMU \u00e8 stata coperta con aumento di tassazione\u00a0 a carico del sistema bancario per circa 3,5\u00a0 miliardi. Per\u00f2 Onorevole, Lei \u00e8 intelligente e sa far di conto. Se la norma permette alle banche una plusvalenza di 7,5 miliardi, se \u00e8 vero che hanno anticipato tasse per circa 3,5 miliardi, se \u00e8 vero che pagheranno circa un altro miliardo di tasse sulla plusvalenza, alla fine della giostra alle banche il regalo \u00e8 stato di circa 3 miliardi, Onorevole dico tre miliardi!\u00a0 Ma, Onorevole, il regalo a quali banche viene fatto? Alle\u00a0 Banche popolari, alle Banche di Credito Cooperativo o a quegli altri istituti bancari che hanno fatto danni con operazioni finanziarie dissennate?<\/p>\n<p>Risulta chiaro che occorre tassare non chi pi\u00f9 ha ricchezza patrimoniale, trattandosi di risparmio, occorre tassare chi pi\u00f9 ha reddito, chi pi\u00f9 produce reddito, per il semplice motivo che un conto \u00e8\u00a0 tassare chi con continuit\u00e0 incassa molti soldi, altro tassare chi pur avendo grande patrimonio incassa poco. Il primo si lamenter\u00e0 ma continuer\u00e0 ad incassare, il secondo sar\u00e0 costretto alla povert\u00e0 per pagare una tassazione\u00a0 su un patrimonio che spera di conservare per i propri figli.<\/p>\n<p>Il guaio \u00e8 che anche per questa orribile tassazione i poveri aumentano e quelli che potevano considerarsi classe media o abbienti oggi sono indigenti.<\/p>\n<p>E\u2019 questo il compito dei padri ?<\/p>\n<p>Onorevole, mi dia un riscontro!<\/p>\n","protected":false},"excerpt":{"rendered":"<p>Onorevole, Le scrivo! Nonostante sia un Onorevole. le poche volte che lo chiamo mi risponde e ha piacere di parlare con me, finanche di politica. &#8230; <\/p>\n","protected":false},"author":1,"featured_media":0,"comment_status":"closed","ping_status":"closed","sticky":false,"template":"single-sidebar.php","format":"standard","meta":{"footnotes":""},"categories":[384],"tags":[],"class_list":["post-8910","post","type-post","status-publish","format-standard","hentry","category-c243-comunicati-stampa-dei-consiglieri-243"],"_links":{"self":[{"href":"https:\/\/archivio.comune.potenza.it\/index.php?rest_route=\/wp\/v2\/posts\/8910"}],"collection":[{"href":"https:\/\/archivio.comune.potenza.it\/index.php?rest_route=\/wp\/v2\/posts"}],"about":[{"href":"https:\/\/archivio.comune.potenza.it\/index.php?rest_route=\/wp\/v2\/types\/post"}],"author":[{"embeddable":true,"href":"https:\/\/archivio.comune.potenza.it\/index.php?rest_route=\/wp\/v2\/users\/1"}],"replies":[{"embeddable":true,"href":"https:\/\/archivio.comune.potenza.it\/index.php?rest_route=%2Fwp%2Fv2%2Fcomments&post=8910"}],"version-history":[{"count":0,"href":"https:\/\/archivio.comune.potenza.it\/index.php?rest_route=\/wp\/v2\/posts\/8910\/revisions"}],"wp:attachment":[{"href":"https:\/\/archivio.comune.potenza.it\/index.php?rest_route=%2Fwp%2Fv2%2Fmedia&parent=8910"}],"wp:term":[{"taxonomy":"category","embeddable":true,"href":"https:\/\/archivio.comune.potenza.it\/index.php?rest_route=%2Fwp%2Fv2%2Fcategories&post=8910"},{"taxonomy":"post_tag","embeddable":true,"href":"https:\/\/archivio.comune.potenza.it\/index.php?rest_route=%2Fwp%2Fv2%2Ftags&post=8910"}],"curies":[{"name":"wp","href":"https:\/\/api.w.org\/{rel}","templated":true}]}}