{"id":8917,"date":"2014-02-13T14:07:14","date_gmt":"2014-02-13T13:07:14","guid":{"rendered":"http:\/\/archivio.comune.potenza.it\/comune_wp\/?p=8917"},"modified":"2014-02-13T14:07:14","modified_gmt":"2014-02-13T13:07:14","slug":"gianpaolo-carretta-partito-democratico-futuro-strategico-della-citta-di-potenza","status":"publish","type":"post","link":"https:\/\/archivio.comune.potenza.it\/?p=8917","title":{"rendered":"Gianpaolo Carretta (Partito Democratico): Futuro strategico della citt\u00e0 di Potenza"},"content":{"rendered":"<p>\u00c8 giunto il momento di aprire un dibattito sul futuro strategico della citt\u00e0 di Potenza, chiedendo, un Consiglio comunale straordinario aperto, nel quale vengano invitate tutte le forze sociali, produttive e culturali a discutere sulla vocazione strategica del capoluogo di Regione, che ha la necessit\u00e0 di confermarsi citt\u00e0 di servizi di alta qualit\u00e0, definendo la sua vocazione di Citt\u00e0 Comprensorio.<\/p>\n<p>Occorre che il nuovo Consiglio regionale, comprenda che la citt\u00e0 capoluogo ha la necessit\u00e0 di una legge\u00a0 speciale, cos\u00ec come \u00e8 stato fatto per Roma capitale e per Catania, che risolva il debito storico rinveniente dal dissesto e consenta a Potenza, al di l\u00e0 degli slogan, di essere veramente citt\u00e0 erogatrice di servizi di alta qualit\u00e0 per il suo comprensorio e per l&#8217;intera regione, nonch\u00e9 attrattore di flussi turistici ed economici provenienti dall&#8217;intero mezzogiorno.<\/p>\n<p>Potenza non ha bisogno di sussidi e di attenzioni sporadiche ed occasionali, bens\u00ec, di una legge che offra fondi strutturali annuali da erogare per quei servizi in materia ambientale, di rifiuti e spazzamento, di mobilit\u00e0, di viabilit\u00e0, che il capoluogo eroga giornalmente all&#8217;intera comunit\u00e0 regionale.<\/p>\n<p>Sarebbe, inoltre, opportuno, che questi fondi strutturali potessero essere utilizzati anche per la messa in sicurezza delle scuole cittadine, al fine di non ricorrere ad aiuti economici straordinari, qualora ce ne fosse bisogno, bens\u00ec ad un fondo permanente dedicato, che permetta di effettuare interventi preventivi sull&#8217;edilizia scolastica, senza dover incorrere in situazioni di emergenza come quella della chiusura delle scuole, nel corso dell&#8217;anno scolastico, per consentire lavori di adeguamento.<\/p>\n<p>Adesso, dunque, bisogna aprire un grande confronto di merito ed un elevato dibattito programmatico, che abbia come tema Potenza 2020, guardando soltanto al bene della nostra comunit\u00e0, dimostrando uno slancio ideale vero e non solo declamato o annunciato.\u00a0\u00a0\u00a0\u00a0\u00a0\u00a0\u00a0\u00a0\u00a0\u00a0\u00a0\u00a0\u00a0\u00a0\u00a0\u00a0\u00a0\u00a0\u00a0\u00a0\u00a0\u00a0\u00a0\u00a0\u00a0\u00a0\u00a0\u00a0\u00a0\u00a0\u00a0\u00a0\u00a0\u00a0\u00a0\u00a0\u00a0\u00a0\u00a0\u00a0\u00a0\u00a0\u00a0\u00a0\u00a0\u00a0\u00a0\u00a0\u00a0\u00a0\u00a0\u00a0\u00a0\u00a0\u00a0\u00a0\u00a0\u00a0\u00a0\u00a0\u00a0\u00a0\u00a0\u00a0\u00a0\u00a0\u00a0\u00a0\u00a0\u00a0\u00a0\u00a0\u00a0\u00a0\u00a0\u00a0<\/p>\n","protected":false},"excerpt":{"rendered":"<p>\u00c8 giunto il momento di aprire un dibattito sul futuro strategico della citt\u00e0 di Potenza, chiedendo, un Consiglio comunale straordinario aperto, nel quale vengano invitate &#8230; <\/p>\n","protected":false},"author":1,"featured_media":0,"comment_status":"closed","ping_status":"closed","sticky":false,"template":"single-sidebar.php","format":"standard","meta":{"footnotes":""},"categories":[384],"tags":[],"class_list":["post-8917","post","type-post","status-publish","format-standard","hentry","category-c243-comunicati-stampa-dei-consiglieri-243"],"_links":{"self":[{"href":"https:\/\/archivio.comune.potenza.it\/index.php?rest_route=\/wp\/v2\/posts\/8917"}],"collection":[{"href":"https:\/\/archivio.comune.potenza.it\/index.php?rest_route=\/wp\/v2\/posts"}],"about":[{"href":"https:\/\/archivio.comune.potenza.it\/index.php?rest_route=\/wp\/v2\/types\/post"}],"author":[{"embeddable":true,"href":"https:\/\/archivio.comune.potenza.it\/index.php?rest_route=\/wp\/v2\/users\/1"}],"replies":[{"embeddable":true,"href":"https:\/\/archivio.comune.potenza.it\/index.php?rest_route=%2Fwp%2Fv2%2Fcomments&post=8917"}],"version-history":[{"count":0,"href":"https:\/\/archivio.comune.potenza.it\/index.php?rest_route=\/wp\/v2\/posts\/8917\/revisions"}],"wp:attachment":[{"href":"https:\/\/archivio.comune.potenza.it\/index.php?rest_route=%2Fwp%2Fv2%2Fmedia&parent=8917"}],"wp:term":[{"taxonomy":"category","embeddable":true,"href":"https:\/\/archivio.comune.potenza.it\/index.php?rest_route=%2Fwp%2Fv2%2Fcategories&post=8917"},{"taxonomy":"post_tag","embeddable":true,"href":"https:\/\/archivio.comune.potenza.it\/index.php?rest_route=%2Fwp%2Fv2%2Ftags&post=8917"}],"curies":[{"name":"wp","href":"https:\/\/api.w.org\/{rel}","templated":true}]}}