{"id":8923,"date":"2014-02-13T14:19:14","date_gmt":"2014-02-13T13:19:14","guid":{"rendered":"http:\/\/archivio.comune.potenza.it\/comune_wp\/?p=8923"},"modified":"2014-02-13T14:19:14","modified_gmt":"2014-02-13T13:19:14","slug":"salvatore-lomonaco-partito-democratico-assenza-adsl-nelle-zone-rurali","status":"publish","type":"post","link":"https:\/\/archivio.comune.potenza.it\/?p=8923","title":{"rendered":"Salvatore Lomonaco (Partito Democratico): Assenza Adsl nelle zone rurali"},"content":{"rendered":"<p>Dopo l&#8217;ultima segnalazione, avvenuta gi\u00e0 molto tempo fa, ancora nulla \u00e8 stato fatto, nel totale disinteresse delle istituzioni, tant&#8217;\u00e8 che continua il disagio nelle aree rurali, che circondano la citt\u00e0 di Potenza, per l&#8217;assenza di copertura Adsl, lasciando i residenti nel totale isolamento dal world wide web.<\/p>\n<p>Questo significa che i giovani, e meno giovani, delle contrade non possono, n\u00e9 per motivi di studio, n\u00e9 di lavoro, n\u00e9 tantomeno di svago, collegarsi alla \u201crete globale\u201d e sentirsi \u201cconnessi col mondo\u201d, in un periodo storico, come questo che stiamo vivendo, in cui internet risulta essere il principale mezzo di comunicazione di massa.<\/p>\n<p>Basta oltrepassare la linea virtuale perimetrale del centro urbano per ritrovarsi in zone in cui la copertura Adsl \u00e8 del tutto irrisoria o completamente inesistente, determinando una insostenibile situazione territoriale a macchia di leopardo.<\/p>\n<p>Si spera, dunque, che nel proposito di diminuire il \u201cdigital divide\u201d, rientri al pi\u00f9 presto la fine dell\u2019esclusione di molti cittadini dalla banda larga, proponendo un \u201cProgetto di banda larga anche per le aree rurali della citt\u00e0 di Potenza\u201d, cos\u00ec come \u00e8 stato fatto in altre citt\u00e0\u00a0 italiane.<\/p>\n<p>\u00a0<\/p>\n","protected":false},"excerpt":{"rendered":"<p>Dopo l&#8217;ultima segnalazione, avvenuta gi\u00e0 molto tempo fa, ancora nulla \u00e8 stato fatto, nel totale disinteresse delle istituzioni, tant&#8217;\u00e8 che continua il disagio nelle aree &#8230; <\/p>\n","protected":false},"author":1,"featured_media":0,"comment_status":"closed","ping_status":"closed","sticky":false,"template":"single-sidebar.php","format":"standard","meta":{"footnotes":""},"categories":[384],"tags":[],"class_list":["post-8923","post","type-post","status-publish","format-standard","hentry","category-c243-comunicati-stampa-dei-consiglieri-243"],"_links":{"self":[{"href":"https:\/\/archivio.comune.potenza.it\/index.php?rest_route=\/wp\/v2\/posts\/8923"}],"collection":[{"href":"https:\/\/archivio.comune.potenza.it\/index.php?rest_route=\/wp\/v2\/posts"}],"about":[{"href":"https:\/\/archivio.comune.potenza.it\/index.php?rest_route=\/wp\/v2\/types\/post"}],"author":[{"embeddable":true,"href":"https:\/\/archivio.comune.potenza.it\/index.php?rest_route=\/wp\/v2\/users\/1"}],"replies":[{"embeddable":true,"href":"https:\/\/archivio.comune.potenza.it\/index.php?rest_route=%2Fwp%2Fv2%2Fcomments&post=8923"}],"version-history":[{"count":0,"href":"https:\/\/archivio.comune.potenza.it\/index.php?rest_route=\/wp\/v2\/posts\/8923\/revisions"}],"wp:attachment":[{"href":"https:\/\/archivio.comune.potenza.it\/index.php?rest_route=%2Fwp%2Fv2%2Fmedia&parent=8923"}],"wp:term":[{"taxonomy":"category","embeddable":true,"href":"https:\/\/archivio.comune.potenza.it\/index.php?rest_route=%2Fwp%2Fv2%2Fcategories&post=8923"},{"taxonomy":"post_tag","embeddable":true,"href":"https:\/\/archivio.comune.potenza.it\/index.php?rest_route=%2Fwp%2Fv2%2Ftags&post=8923"}],"curies":[{"name":"wp","href":"https:\/\/api.w.org\/{rel}","templated":true}]}}