{"id":8925,"date":"2014-02-13T14:22:29","date_gmt":"2014-02-13T13:22:29","guid":{"rendered":"http:\/\/archivio.comune.potenza.it\/comune_wp\/?p=8925"},"modified":"2014-02-13T14:22:29","modified_gmt":"2014-02-13T13:22:29","slug":"sergio-potenza-popolari-uniti-degrado-del-ponte-musmeci","status":"publish","type":"post","link":"https:\/\/archivio.comune.potenza.it\/?p=8925","title":{"rendered":"Sergio Potenza (Popolari Uniti): Degrado del ponte Musmeci"},"content":{"rendered":"<p><em>Luci sul degrado del Ponte Musmeci: ne sentiremo parlare ancora a lungo se non si proceder\u00e0 alla riperimetrazione delle zone Asi, primo importante passo verso la valorizzazione dell\u2019opera.<\/em><\/p>\n<p>\u201cSentiremo parlare a lungo del degrado del Ponte Musmeci se il problema non sar\u00e0 risolto a monte. Fin quando non si proceder\u00e0 alla riperimetrazione delle zone Asi, con il passaggio dell\u2019opera al Comune, molto probabilmente assisteremo a continui rimpalli di responsabilit\u00e0, con incalcolabili danni per un\u2019opera architettonica di pregio\u00a0 della citt\u00e0.\u201d A sostenerlo il capogruppo in consiglio comunale dei Popolari Uniti Sergio Potenza, in merito al dibattito scatenatosi in seguito all\u2019avvio dei lavori di illuminazione del Ponte. \u201cLuci, che al di l\u00e0 del progetto \u2013 sostiene Potenza &#8211; rischieranno di accendersi sul degrado, considerato lo stato deplorevole in cui versa l\u2019opera tra buche e cedimenti vari. Pi\u00f9 volte &#8211; prosegue Potenza &#8211; \u00e8 stata avanzata la richiesta di rivedere la perimetrazione delle aree industriali, con la cessione del ponte Musmeci all\u2019amministrazione comunale, ma il tutto pare si sia arenato. A quasi due anni dal tavolo istituito fra Regione Basilicata e Comune di Potenza, tutto \u00e8 rimasto invariato.\u00a0 Il massimo ente territoriale, pur riconoscendo la necessit\u00e0 di trasferire dal Consorzio ASI alla citt\u00e0 di Potenza tutte quelle aree poste in prossimit\u00e0 del perimetro urbano, ad oggi non ha compiuto nessun atto formale in tal senso. La Legge regionale 18 del 5 febbraio 2010 per il riassetto e\u00a0 risanamento dei consorzi per lo sviluppo industriale di fatto \u00e8 rimasta sulla carta\u201d. \u201cEppure &#8211; continua Potenza &#8211;\u00a0 quest\u2019area ha la necessit\u00e0 di essere riqualificata. Occorre delineare nell\u2019immediato un percorso che porti al definitivo\u00a0 trasferimento alla citt\u00e0 di Potenza di tutte quelle aree\u00a0 dell\u2019Asi che ricadono nel territorio comunale e sono da anni in perfetto stato di abbandono. Come del resto \u00e8 impensabile credere di far convivere nello stesso perimetro fabbriche siderurgiche, opere d\u2019arte e il nascente Parco Fluviale. Solo in questo modo potranno definirsi progetti mirati che consentiranno di poter archiviare il degrado\u00a0 in cui da anni versa il Ponte Musmeci e le aree circostanti. Il primo passo da compiere, ora, \u00e8\u00a0 tornare\u00a0 a discutere della riperimetrazione Asi. Vanno poi definiti i costi e la gestione dell\u2019opera che indubbiamente avranno un peso per le casse comunali, ma si tratta pur sempre di un\u2019opera architettonica di pregio e della principale porta di accesso al capoluogo.L\u2019amministrazione deve intervenire.\u201d<\/p>\n","protected":false},"excerpt":{"rendered":"<p>Luci sul degrado del Ponte Musmeci: ne sentiremo parlare ancora a lungo se non si proceder\u00e0 alla riperimetrazione delle zone Asi, primo importante passo verso &#8230; <\/p>\n","protected":false},"author":1,"featured_media":0,"comment_status":"closed","ping_status":"closed","sticky":false,"template":"single-sidebar.php","format":"standard","meta":{"footnotes":""},"categories":[384],"tags":[],"class_list":["post-8925","post","type-post","status-publish","format-standard","hentry","category-c243-comunicati-stampa-dei-consiglieri-243"],"_links":{"self":[{"href":"https:\/\/archivio.comune.potenza.it\/index.php?rest_route=\/wp\/v2\/posts\/8925"}],"collection":[{"href":"https:\/\/archivio.comune.potenza.it\/index.php?rest_route=\/wp\/v2\/posts"}],"about":[{"href":"https:\/\/archivio.comune.potenza.it\/index.php?rest_route=\/wp\/v2\/types\/post"}],"author":[{"embeddable":true,"href":"https:\/\/archivio.comune.potenza.it\/index.php?rest_route=\/wp\/v2\/users\/1"}],"replies":[{"embeddable":true,"href":"https:\/\/archivio.comune.potenza.it\/index.php?rest_route=%2Fwp%2Fv2%2Fcomments&post=8925"}],"version-history":[{"count":0,"href":"https:\/\/archivio.comune.potenza.it\/index.php?rest_route=\/wp\/v2\/posts\/8925\/revisions"}],"wp:attachment":[{"href":"https:\/\/archivio.comune.potenza.it\/index.php?rest_route=%2Fwp%2Fv2%2Fmedia&parent=8925"}],"wp:term":[{"taxonomy":"category","embeddable":true,"href":"https:\/\/archivio.comune.potenza.it\/index.php?rest_route=%2Fwp%2Fv2%2Fcategories&post=8925"},{"taxonomy":"post_tag","embeddable":true,"href":"https:\/\/archivio.comune.potenza.it\/index.php?rest_route=%2Fwp%2Fv2%2Ftags&post=8925"}],"curies":[{"name":"wp","href":"https:\/\/api.w.org\/{rel}","templated":true}]}}