{"id":8941,"date":"2014-02-14T10:33:34","date_gmt":"2014-02-14T09:33:34","guid":{"rendered":"http:\/\/archivio.comune.potenza.it\/comune_wp\/?p=8941"},"modified":"2014-02-14T10:33:34","modified_gmt":"2014-02-14T09:33:34","slug":"nicola-becce-popolo-della-liberta-abbonamenti-disabili-sui-bus-urbani","status":"publish","type":"post","link":"https:\/\/archivio.comune.potenza.it\/?p=8941","title":{"rendered":"Nicola Becce (Popolo della Libert\u00e0): Abbonamenti disabili sui bus urbani"},"content":{"rendered":"<p>Un atto di prepotenza e di scarso rispetto che \u00e8 il timbro finale di cinque anni di mala Amministrazione, incuria e poca attenzione per le fasce pi\u00f9 deboli. Da qualche giorno tantissime persone, circa un centinaio si sono rivolte al sottoscritto per denunciare uno spiacevole inconveniente che vede protagonista il Comune di Potenza. Si tratta di gente &#8211; alcuni dei quali anziani &#8211; con invalidit\u00e0 compresa tra il 66,66% ed il 100% riconosciuta ai sensi dell&#8217;articolo 3 della legge 104\/1990 costretti ad un autentico pellegrinaggio al Comune presso l&#8217;Ufficio Mobilit\u00e0 per richiedere la tessera magnetica di abbonamento per circolare sui mezzi di trasporto pubblico locale. Un modo per ricevere un abbonamento gratuito e che interessa tutti coloro i quali rientrano nella fascia Isee fino a 6000 euro come previsto dalle delibera n. 31 adottata dal Consiglio comunale nella seduta del 3 maggio 2006. Ma a quanto pare l&#8217;impresa sembra titanica, tanto semplice da diventare complicata. Pi\u00f9 o meno come accade sempre al Comune di Potenza. Risultato: la gente \u00e8 spazientita e lamenta insofferenza rispetto al fatto di doversi recare innumerevoli volte negli uffici comunali per ritirare quello che gli \u00e8 legittimamente dovuto ossia l&#8217;abbonamento ai mezzi pubblici di trasporto. Colpa dell&#8217;incuria o dell&#8217;indifferenza di chi gestisce quest&#8217;Amministrazione che forse &#8211; ma ormai sembra essere diventato un disco rotto &#8211; lamenta ristrettezze economiche e siamo sicuri adotter\u00e0 la scusa di non aver previsto una somma per tale prestazione. Nulla di nuovo purtroppo sul fronte dello scarso rispetto per una fetta di popolazione che oltre a dover fare i conti con una condizione di disabilit\u00e0 sconta scarsa attenzione da parte del Comune, che a differenza di altri, si riempie la bocca a parlare di servizi per l&#8217;assistenza delle fasce deboli e svantaggiate salvo poi denigrarle con atti pratici come appunto il caso dell&#8217;abbonamento gratuito per chi ha l&#8217;invalidit\u00e0.<\/p>\n","protected":false},"excerpt":{"rendered":"<p>Un atto di prepotenza e di scarso rispetto che \u00e8 il timbro finale di cinque anni di mala Amministrazione, incuria e poca attenzione per le &#8230; <\/p>\n","protected":false},"author":1,"featured_media":0,"comment_status":"closed","ping_status":"closed","sticky":false,"template":"single-sidebar.php","format":"standard","meta":{"footnotes":""},"categories":[384],"tags":[],"class_list":["post-8941","post","type-post","status-publish","format-standard","hentry","category-c243-comunicati-stampa-dei-consiglieri-243"],"_links":{"self":[{"href":"https:\/\/archivio.comune.potenza.it\/index.php?rest_route=\/wp\/v2\/posts\/8941"}],"collection":[{"href":"https:\/\/archivio.comune.potenza.it\/index.php?rest_route=\/wp\/v2\/posts"}],"about":[{"href":"https:\/\/archivio.comune.potenza.it\/index.php?rest_route=\/wp\/v2\/types\/post"}],"author":[{"embeddable":true,"href":"https:\/\/archivio.comune.potenza.it\/index.php?rest_route=\/wp\/v2\/users\/1"}],"replies":[{"embeddable":true,"href":"https:\/\/archivio.comune.potenza.it\/index.php?rest_route=%2Fwp%2Fv2%2Fcomments&post=8941"}],"version-history":[{"count":0,"href":"https:\/\/archivio.comune.potenza.it\/index.php?rest_route=\/wp\/v2\/posts\/8941\/revisions"}],"wp:attachment":[{"href":"https:\/\/archivio.comune.potenza.it\/index.php?rest_route=%2Fwp%2Fv2%2Fmedia&parent=8941"}],"wp:term":[{"taxonomy":"category","embeddable":true,"href":"https:\/\/archivio.comune.potenza.it\/index.php?rest_route=%2Fwp%2Fv2%2Fcategories&post=8941"},{"taxonomy":"post_tag","embeddable":true,"href":"https:\/\/archivio.comune.potenza.it\/index.php?rest_route=%2Fwp%2Fv2%2Ftags&post=8941"}],"curies":[{"name":"wp","href":"https:\/\/api.w.org\/{rel}","templated":true}]}}