{"id":8958,"date":"2014-02-18T08:53:45","date_gmt":"2014-02-18T07:53:45","guid":{"rendered":"http:\/\/archivio.comune.potenza.it\/comune_wp\/?p=8958"},"modified":"2014-02-18T08:53:45","modified_gmt":"2014-02-18T07:53:45","slug":"sergio-potenza-popolari-uniti-degrado-centro-storico-e-buche-in-citta","status":"publish","type":"post","link":"https:\/\/archivio.comune.potenza.it\/?p=8958","title":{"rendered":"Sergio Potenza (Popolari Uniti): Degrado centro storico e buche in citt\u00e0"},"content":{"rendered":"<p>Il capogruppo in Consiglio comunale dei Popolari Uniti Sergio Potenza su buche in citt\u00e0 e stato di degrado pavimentazione del centro storico<\/p>\n<p><em>\u201cAvvallamenti, buche e sanpietrini saltati ci consegnano un centro storico che in alcuni punti \u00e8 un vero e proprio percorso ad ostacoli. L\u2019amministrazione proceda ad un sopralluogo tecnico per pianificare eventuali interventi anche sulle strade cittadine dove vengono segnalate buche e pericolosi avvallamenti\u201d.<\/em><\/p>\n<p>\u201cBuche, avvallamenti e di tanto in tanto qualche sampietrino saltato: il centro storico di Potenza versa in condizioni tali da richiedere un intervento immediato. Scarsa manutenzione, intemperie e incuria ci hanno consegnato un vero e proprio percorso ad ostacoli. Fatta eccezione per il tratto oggetto degli ultimi interventi &#8211; in cui la vecchia pavimentazione \u00e8 stata sostituita con materiali che ancora riescono a reggere all\u2019usura &#8211; in pi\u00f9 punti la pavimentazione del centro storico mostra segni di cedimento, con preoccupanti crepe e pezzi di pavimentazione mancante\u201d. A renderlo noto il capogruppo dei Popolari Uniti in consiglio comunale Sergio Potenza che oltre\u00a0 a segnalare il danno di natura estetica, porta all\u2019attenzione il pericolo cui sono sottoposti quotidianamente pedoni e automobilisti. Nel richiedere all\u2019amministrazione un sopralluogo tecnico per valutare eventuali interventi, Potenza fa presente che la situazione \u00e8 preoccupante in diversi punti del centro storico. Particolarmente allarmante \u2013 per il consigliere dei Pu &#8211; \u00e8 lo stato in cui versa Via Vescovado. La strada \u00e8 un vero e proprio percorso ad ostacoli, con la pavimentazione divelta in pi\u00f9 punti. Situazione che si ripete con medesimi scenari, anche sulle altre aree del centro storico ancora ricoperte da sampietrini: non proprio un bel biglietto da visita per la citt\u00e0. Ma le avverse condizioni atmosferiche delle settimane scorse e la carrabilit\u00e0 \u2013 avverte Potenza \u2013 hanno portato evidenti alterazioni anche all\u2019asfalto. Diverse le segnalazioni dei cittadini che lamentano presenze di buche su gran parte delle arterie cittadine, oltre a pericolosi gradini che si sono formati attorno tombini ribassati, griglie e caditoie per lo scolo delle acque.\u00a0 Anche in questo caso \u2013 conclude il capogruppo dei Pu &#8211; intervenire sarebbe opportuno, per non far diventare critica una situazione che oggi appare ancora gestibile.<\/p>\n<p>\u00a0<\/p>\n","protected":false},"excerpt":{"rendered":"<p>Il capogruppo in Consiglio comunale dei Popolari Uniti Sergio Potenza su buche in citt\u00e0 e stato di degrado pavimentazione del centro storico \u201cAvvallamenti, buche e &#8230; <\/p>\n","protected":false},"author":1,"featured_media":0,"comment_status":"closed","ping_status":"closed","sticky":false,"template":"single-sidebar.php","format":"standard","meta":{"footnotes":""},"categories":[384],"tags":[],"class_list":["post-8958","post","type-post","status-publish","format-standard","hentry","category-c243-comunicati-stampa-dei-consiglieri-243"],"_links":{"self":[{"href":"https:\/\/archivio.comune.potenza.it\/index.php?rest_route=\/wp\/v2\/posts\/8958"}],"collection":[{"href":"https:\/\/archivio.comune.potenza.it\/index.php?rest_route=\/wp\/v2\/posts"}],"about":[{"href":"https:\/\/archivio.comune.potenza.it\/index.php?rest_route=\/wp\/v2\/types\/post"}],"author":[{"embeddable":true,"href":"https:\/\/archivio.comune.potenza.it\/index.php?rest_route=\/wp\/v2\/users\/1"}],"replies":[{"embeddable":true,"href":"https:\/\/archivio.comune.potenza.it\/index.php?rest_route=%2Fwp%2Fv2%2Fcomments&post=8958"}],"version-history":[{"count":0,"href":"https:\/\/archivio.comune.potenza.it\/index.php?rest_route=\/wp\/v2\/posts\/8958\/revisions"}],"wp:attachment":[{"href":"https:\/\/archivio.comune.potenza.it\/index.php?rest_route=%2Fwp%2Fv2%2Fmedia&parent=8958"}],"wp:term":[{"taxonomy":"category","embeddable":true,"href":"https:\/\/archivio.comune.potenza.it\/index.php?rest_route=%2Fwp%2Fv2%2Fcategories&post=8958"},{"taxonomy":"post_tag","embeddable":true,"href":"https:\/\/archivio.comune.potenza.it\/index.php?rest_route=%2Fwp%2Fv2%2Ftags&post=8958"}],"curies":[{"name":"wp","href":"https:\/\/api.w.org\/{rel}","templated":true}]}}