{"id":8963,"date":"2014-02-19T10:47:10","date_gmt":"2014-02-19T09:47:10","guid":{"rendered":"http:\/\/archivio.comune.potenza.it\/comune_wp\/?p=8963"},"modified":"2014-02-19T10:47:10","modified_gmt":"2014-02-19T09:47:10","slug":"nicola-becce-popolo-della-liberta-pesarini-ed-il-fallimento-del-centrosinistra","status":"publish","type":"post","link":"https:\/\/archivio.comune.potenza.it\/?p=8963","title":{"rendered":"Nicola Becce (Popolo della Libert\u00e0): Pesarini ed il fallimento del centrosinistra"},"content":{"rendered":"<p>Con un tempismo sospetto, o forse perch\u00e8 siamo entrati nel periodo pre elettorale come fatto notare da un giornale oggi, l&#8217;assessore Pesarini si \u00e8 gonfiato il petto per annunciare urbi et orbi l&#8217;avvio dei lavori di riqualificazione dei vicoli del centro storico. Un gruppo di lavoro ci fa sapere l&#8217;assessore sar\u00e0 impegnato nelle fasi di progettazione ed esecuzione per un intervento che prevede un impegno finanziario di circa 700.000 euro, somma riconducibile al Fondo di sviluppo e coesione 2007\/2013 \u2013 Accordo di programma quadro. Un annuncio che per\u00f2 porta con s\u00e8 un innegabile senso di frustrazione visto che \u00e8 lo stesso assessore, uno dei dieci assessori della giunta Santarsiero ad ammettere &#8211; senza neanche vergognarsene pi\u00f9 di tanto &#8211; che s\u00ec, in fondo si tratta di un centro che \u00e8 innegabile denuncia criticit\u00e0, acuitesi nel corso degli anni. Un autogol che certifica l&#8217;assenza di una politica di valorizzazione del salotto buono della citt\u00e0, visto che da dieci anni a questa parte l&#8217;Amministrazione \u00e8 stata guidata da Santarsiero e da una maggioranza di centrosinistra. E adesso, in vista delle elezioni di maggio, c&#8217;\u00e8 chi come l&#8217;assessore Pesarini pensa che una lavata di faccia nei vicoli e nelle viuzze del nostro centro storico basti a cancellare anni di incuria e di disinteresse. Basterebbe farsi un giro tra le poche attivit\u00e0 commerciali sopravvissute in via Pretoria e dintorni per comprendere che di vitalit\u00e0 e di spazi vivibili non sia rimasto granch\u00e8, visto che quotidianamente assistiamo a negozianti costretti ad abbassare le saracinesche, atti di vandalismo e in generale una scarsa vitalit\u00e0 a livello di manifestazioni e spazi aggregativi. Per non parlare delle esigenze di residenti che lamentano un giorno si e l&#8217;altro pure continui disagi. Ma forse l&#8217;assessore Pesarini e quelli a nome di cui parla sono talmente impegnati a risolvere le beghe interne e provare ad individuare un candidato di bandiera per le Amministrative, che hanno perso il contatto con la realt\u00e0. Piuttosto che chiedere scusa ai cittadini per i disagi che andranno a crearsi, lui e tutta la maggioranza dovrebbero chiedere scusa a tutti i potentini per aver fatto in modo che il centro storico diventasse un malato agonizzante, dal quale si spera possano giungere soluzioni di vitalit\u00e0 e rinnovato splendore se solo questa citt\u00e0 sar\u00e0 amministrata dal centrodestra e da volti nuovi.<\/p>\n","protected":false},"excerpt":{"rendered":"<p>Con un tempismo sospetto, o forse perch\u00e8 siamo entrati nel periodo pre elettorale come fatto notare da un giornale oggi, l&#8217;assessore Pesarini si \u00e8 gonfiato &#8230; <\/p>\n","protected":false},"author":1,"featured_media":0,"comment_status":"closed","ping_status":"closed","sticky":false,"template":"single-sidebar.php","format":"standard","meta":{"footnotes":""},"categories":[384],"tags":[],"class_list":["post-8963","post","type-post","status-publish","format-standard","hentry","category-c243-comunicati-stampa-dei-consiglieri-243"],"_links":{"self":[{"href":"https:\/\/archivio.comune.potenza.it\/index.php?rest_route=\/wp\/v2\/posts\/8963"}],"collection":[{"href":"https:\/\/archivio.comune.potenza.it\/index.php?rest_route=\/wp\/v2\/posts"}],"about":[{"href":"https:\/\/archivio.comune.potenza.it\/index.php?rest_route=\/wp\/v2\/types\/post"}],"author":[{"embeddable":true,"href":"https:\/\/archivio.comune.potenza.it\/index.php?rest_route=\/wp\/v2\/users\/1"}],"replies":[{"embeddable":true,"href":"https:\/\/archivio.comune.potenza.it\/index.php?rest_route=%2Fwp%2Fv2%2Fcomments&post=8963"}],"version-history":[{"count":0,"href":"https:\/\/archivio.comune.potenza.it\/index.php?rest_route=\/wp\/v2\/posts\/8963\/revisions"}],"wp:attachment":[{"href":"https:\/\/archivio.comune.potenza.it\/index.php?rest_route=%2Fwp%2Fv2%2Fmedia&parent=8963"}],"wp:term":[{"taxonomy":"category","embeddable":true,"href":"https:\/\/archivio.comune.potenza.it\/index.php?rest_route=%2Fwp%2Fv2%2Fcategories&post=8963"},{"taxonomy":"post_tag","embeddable":true,"href":"https:\/\/archivio.comune.potenza.it\/index.php?rest_route=%2Fwp%2Fv2%2Ftags&post=8963"}],"curies":[{"name":"wp","href":"https:\/\/api.w.org\/{rel}","templated":true}]}}