{"id":9018,"date":"2014-03-01T14:02:56","date_gmt":"2014-03-01T13:02:56","guid":{"rendered":"http:\/\/archivio.comune.potenza.it\/comune_wp\/?p=9018"},"modified":"2014-03-01T14:02:56","modified_gmt":"2014-03-01T13:02:56","slug":"gianpolo-carretta-partito-democratico-riqualificazione-del-centro-storico","status":"publish","type":"post","link":"https:\/\/archivio.comune.potenza.it\/?p=9018","title":{"rendered":"Gianpolo Carretta (Partito Democratico): Riqualificazione del centro storico"},"content":{"rendered":"<p>Il Gruppo del Partito Democratico, di concerto con il Sindaco della citt\u00e0 Vito Santarsiero, si \u00e8 speso molto per la riqualificazione del centro storico di Potenza, attraverso un progetto strategico di rilancio cominciato attraverso le opere di riqualificazione urbana, che continuano tuttora senza sosta.<\/p>\n<p>Va ricordato, come, nonostante la difficile situazione economica in cui versa il Comune, a cui si aggiungono i tagli strutturali fatti dal Governo nazionale nel comparto Enti locali, a dimostrazione di una continua disattenzione verso le politiche di sviluppo del Mezzogiorno, si \u00e8 sempre andati avanti nel completamento infrastrutturale del centro storico, dal rifacimento di via Pretoria a quello di Piazza Prefettura, da quello previsto di Piazza del Sedile con la permanenza della pedonalizzazione nell\u2019intera area, alla riqualificazione di contenitori culturali come Palazzo D\u2019Errico e Palazzo Palermo, dal futuro progetto di riconversione del Cinema Ariston in un possibile centro servizi e parcheggio multipiano, alla valorizzazione della Villa del Prefetto e del Ponte di Montereale, attualmente in attesa di manutenzione.<\/p>\n<p>A seguire, si attende la riqualificazione dei vicoli del centro e di tutti i marciapiedi, per la quale vi \u00e8 una proposta di finanziamento di 700 mila euro, che possa completare l&#8217;elenco di opere, che appartengono tutte al \u201cProgetto centro storico\u201d, finalizzato a dare nuovo lustro al salotto buono della citt\u00e0., in merito al quale molto ha speso politicamente il gruppo del Partito Democratico, avendo nella propria sensibilit\u00e0 politica un\u2019attenzione strategica e storica per il centro della nostra citt\u00e0.<\/p>\n<p>Il cuore pulsante del nostro centro storico sta cambiando aspetto ed acquister\u00e0 sempre pi\u00f9 il prestigio che gli appartiene, con la necessita di riappropriarsi di quella che \u00e8 stata da sempre la sua funzione principale: essere luogo di aggregazione, di incontro e di attivit\u00e0 commerciali.<\/p>\n<p>\u00c8 per noi del PD, quello dello sviluppo socio-economico del centro storico, un obiettivo strategico che va oltre questa consiliatura e che guarda gi\u00e0 al prossimo programma elettorale e alla prossima attivit\u00e0 amministrativa.<\/p>\n<p>Tale obiettivo sar\u00e0 perseguibile anche grazie al Piano integrato di sviluppo urbano sostenibile (Pisus), grazie ai cui finanziamenti \u00e8 previsto un collegamento sotterraneo tra piazza Bonaventura e via Raffaele Acerenza, che render\u00e0 pedonabile anche l\u2019ultimo tratto di via Pretoria, che terminer\u00e0 proprio con l\u2019area della Torre Guevara, anche questa da riqualificare, partendo dall\u2019abbattimento della struttura che ospita il Liceo Artistico, che al momento ne ostruisce la visuale, e continuando con il collegamento con il Polo universitario, attraverso una scala mobile che collegher\u00e0 l\u2019Universit\u00e0 a Via Cavour, dove sta sorgendo la nuova area commerciale\/residenziale, nella cui piazza retrostante si ergeranno 2 torrette munite di ascensori che condurranno esattamente al Parco Guevara.<\/p>\n<p>Il gruppo del Partito Democratico ha pi\u00f9 volte ribadito l\u2019importante ruolo che Potenza, in quanto citt\u00e0 capoluogo di Regione, riveste per tutto il comprensorio, dovendo offrire ai suoi cittadini un alto grado di vivibilit\u00e0, con il decoro delle strade e delle piazze e attraverso servizi efficienti ai residenti e a tutti coloro che quotidianamente raggiungono la citt\u00e0 dall\u2019hinterland o da zone pi\u00f9 lontane della regione.<\/p>\n","protected":false},"excerpt":{"rendered":"<p>Il Gruppo del Partito Democratico, di concerto con il Sindaco della citt\u00e0 Vito Santarsiero, si \u00e8 speso molto per la riqualificazione del centro storico di &#8230; <\/p>\n","protected":false},"author":1,"featured_media":0,"comment_status":"closed","ping_status":"closed","sticky":false,"template":"single-sidebar.php","format":"standard","meta":{"footnotes":""},"categories":[384],"tags":[],"class_list":["post-9018","post","type-post","status-publish","format-standard","hentry","category-c243-comunicati-stampa-dei-consiglieri-243"],"_links":{"self":[{"href":"https:\/\/archivio.comune.potenza.it\/index.php?rest_route=\/wp\/v2\/posts\/9018"}],"collection":[{"href":"https:\/\/archivio.comune.potenza.it\/index.php?rest_route=\/wp\/v2\/posts"}],"about":[{"href":"https:\/\/archivio.comune.potenza.it\/index.php?rest_route=\/wp\/v2\/types\/post"}],"author":[{"embeddable":true,"href":"https:\/\/archivio.comune.potenza.it\/index.php?rest_route=\/wp\/v2\/users\/1"}],"replies":[{"embeddable":true,"href":"https:\/\/archivio.comune.potenza.it\/index.php?rest_route=%2Fwp%2Fv2%2Fcomments&post=9018"}],"version-history":[{"count":0,"href":"https:\/\/archivio.comune.potenza.it\/index.php?rest_route=\/wp\/v2\/posts\/9018\/revisions"}],"wp:attachment":[{"href":"https:\/\/archivio.comune.potenza.it\/index.php?rest_route=%2Fwp%2Fv2%2Fmedia&parent=9018"}],"wp:term":[{"taxonomy":"category","embeddable":true,"href":"https:\/\/archivio.comune.potenza.it\/index.php?rest_route=%2Fwp%2Fv2%2Fcategories&post=9018"},{"taxonomy":"post_tag","embeddable":true,"href":"https:\/\/archivio.comune.potenza.it\/index.php?rest_route=%2Fwp%2Fv2%2Ftags&post=9018"}],"curies":[{"name":"wp","href":"https:\/\/api.w.org\/{rel}","templated":true}]}}