{"id":9019,"date":"2014-03-01T14:05:05","date_gmt":"2014-03-01T13:05:05","guid":{"rendered":"http:\/\/archivio.comune.potenza.it\/comune_wp\/?p=9019"},"modified":"2014-03-01T14:05:05","modified_gmt":"2014-03-01T13:05:05","slug":"valentino-fellone-popolari-uniti-prossime-elezioni-ed-alleanze-politiche","status":"publish","type":"post","link":"https:\/\/archivio.comune.potenza.it\/?p=9019","title":{"rendered":"Valentino Fellone (Popolari Uniti): Prossime elezioni ed alleanze politiche"},"content":{"rendered":"<p>La scelta di un governo autorevole e di spessore per la citt\u00e0 di Potenza\u00a0 non pu\u00f2 che passare attraverso alleanze a carattere locale, eludendo le \u00a0convinte prevaricazioni da parte di pseudo appartenenti a cos\u00ec detti soggetti nazionalistici. Questo \u00e8 quanto afferma il consigliere comunale e componente della direzione cittadina dei Popolari uniti, Valentino Fellone.<\/p>\n<p>In vista delle prossime elezioni di maggio -prosegue Fellone- il Partito Democratico dovr\u00e0 essere capace di fare sintesi e lavorare con tutte le forze, civiche e non, ispirate ai valori e agli ideali di centro sinistra, in modo da realizzare un programma capace di esprimere idee, proposte e progetti utili per la citt\u00e0 di Potenza&#8221;.<\/p>\n<p>&#8220;Ebbene &#8211; continua Fellone &#8211; e&#8217; necessario lavorare sulle tante questioni: dalla tangenziale Centomani-Dragonara al sistema di viabilit\u00e0 e mobilit\u00e0 cittadino; dall&#8217;ambiente, ai rifiuti, alla vivibilit\u00e0, cittadina, all&#8217;universit\u00e0, al centro storico e cos\u00ec via&#8221;.<\/p>\n<p>&#8220;E&#8217; indispensabile -aggiunge Fellone- che tutte le energie sane della citt\u00e0 siano coinvolte, affinch\u00e9 vi sia una visione lungimirante e ampiamente partecipata per il bene comune del capoluogo di regione&#8221;.<\/p>\n<p>&#8220;Riteniamo che sia necessario &#8211; afferma Fellone &#8211; avviare un rinnovato metodo di confronto, dando il peso che merita a chi non ha alcuna credibilit\u00e0, in tutti i sensi. In tale contesto \u00e8 anche opportuno dire basta agli assessori a vita&#8221;.<\/p>\n<p>&#8220;I Popolari uniti -conclude Fellone- nel segno della continuit\u00e0 e senza infingimenti, sono pronti a proseguire quella sana e trasparente collaborazione, seppure a tratti animata, con il\u00a0 centro sinistra e quanti vorranno Potenza in testa!&#8221;<\/p>\n","protected":false},"excerpt":{"rendered":"<p>La scelta di un governo autorevole e di spessore per la citt\u00e0 di Potenza\u00a0 non pu\u00f2 che passare attraverso alleanze a carattere locale, eludendo le &#8230; <\/p>\n","protected":false},"author":1,"featured_media":0,"comment_status":"closed","ping_status":"closed","sticky":false,"template":"single-sidebar.php","format":"standard","meta":{"footnotes":""},"categories":[384],"tags":[],"class_list":["post-9019","post","type-post","status-publish","format-standard","hentry","category-c243-comunicati-stampa-dei-consiglieri-243"],"_links":{"self":[{"href":"https:\/\/archivio.comune.potenza.it\/index.php?rest_route=\/wp\/v2\/posts\/9019"}],"collection":[{"href":"https:\/\/archivio.comune.potenza.it\/index.php?rest_route=\/wp\/v2\/posts"}],"about":[{"href":"https:\/\/archivio.comune.potenza.it\/index.php?rest_route=\/wp\/v2\/types\/post"}],"author":[{"embeddable":true,"href":"https:\/\/archivio.comune.potenza.it\/index.php?rest_route=\/wp\/v2\/users\/1"}],"replies":[{"embeddable":true,"href":"https:\/\/archivio.comune.potenza.it\/index.php?rest_route=%2Fwp%2Fv2%2Fcomments&post=9019"}],"version-history":[{"count":0,"href":"https:\/\/archivio.comune.potenza.it\/index.php?rest_route=\/wp\/v2\/posts\/9019\/revisions"}],"wp:attachment":[{"href":"https:\/\/archivio.comune.potenza.it\/index.php?rest_route=%2Fwp%2Fv2%2Fmedia&parent=9019"}],"wp:term":[{"taxonomy":"category","embeddable":true,"href":"https:\/\/archivio.comune.potenza.it\/index.php?rest_route=%2Fwp%2Fv2%2Fcategories&post=9019"},{"taxonomy":"post_tag","embeddable":true,"href":"https:\/\/archivio.comune.potenza.it\/index.php?rest_route=%2Fwp%2Fv2%2Ftags&post=9019"}],"curies":[{"name":"wp","href":"https:\/\/api.w.org\/{rel}","templated":true}]}}