{"id":9021,"date":"2014-03-01T14:09:35","date_gmt":"2014-03-01T13:09:35","guid":{"rendered":"http:\/\/archivio.comune.potenza.it\/comune_wp\/?p=9021"},"modified":"2014-03-01T14:09:35","modified_gmt":"2014-03-01T13:09:35","slug":"nicola-becce-popolo-della-liberta-un-vero-sindaco-per-potenza","status":"publish","type":"post","link":"https:\/\/archivio.comune.potenza.it\/?p=9021","title":{"rendered":"Nicola Becce (Popolo della Libert\u00e0): Un vero Sindaco per Potenza"},"content":{"rendered":"<div><strong>Elezioni a Potenza: \u201cDopo Santarsiero un sindaco che rimedi ai suoi errori\u201d <\/strong><\/div>\n<div>\n<p><em>\u201cAttenzione alle periferie, rilancio del settore del commercio, artigianato, ambiente, lavoro e sicurezza: ecco la ricetta.<\/em><\/p>\n<p>A Potenza occorre un sindaco che rimedi agli errori di Santarsiero, alle partite lasciate aperte, alla politica degli annunci mai realizzati. Finalmente Potenza dopo 5 anni potr\u00e0 avere un sindaco che pensa alla citt\u00e0 e non ai propri interessi. Occorre mettere subito rimedio agli errori compiuti da Santarsiero, dalla sua Giunta e dalla sua maggioranza, alle scelte sbagliate che danneggiano i potentini e peggiorano la loro vita.<\/p>\n<p>Togliere la ztl rendendo nuovamente fruibile ed attraversabile il centro storico sar\u00e0 il primo punto. Il secondo abbattere i mostri edilizi costruiti in questi ultimi dieci anni: piazza inutili e navi e barchette inutili.<\/p>\n<p>Occorre mettere al centro dell\u2019azione del nuovo sindaco le periferie abbandonate da Santarsiero, Potenza deve diventare la citt\u00e0 delle periferie, prestando allo stesso tempo la massima attenzione al centro storico ed ai quartieri della citt\u00e0. Il nuovo sindaco dovr\u00e0 mettere al centro della propria azione il commercio, oggi penalizzato soprattutto da scelte sbagliate sulla mobilit\u00e0, l\u2019artigianato ed il turismo. Per finire, la sicurezza con la presenza costante delle forze dell\u2019ordine, della polizia municipale a presidio di piazze e centro storico, con la creazione anche di task force contro l\u2019abusivismo coordinate finalmente da un assessore alla sicurezza.<\/p>\n<p>Potenza non ha bisogno di niente di eccezionale, ha bisogno di normalit\u00e0 e buona gestione, oltre ad un sindaco che ami davvero Potenza, tutte cose che sono mancate in questi 5 anni.<\/p>\n<p>\u00a0<\/p>\n<p>\u00a0<\/p>\n<\/p><\/div>\n","protected":false},"excerpt":{"rendered":"<p>Elezioni a Potenza: \u201cDopo Santarsiero un sindaco che rimedi ai suoi errori\u201d \u201cAttenzione alle periferie, rilancio del settore del commercio, artigianato, ambiente, lavoro e sicurezza: &#8230; <\/p>\n","protected":false},"author":1,"featured_media":0,"comment_status":"closed","ping_status":"closed","sticky":false,"template":"single-sidebar.php","format":"standard","meta":{"footnotes":""},"categories":[384],"tags":[],"class_list":["post-9021","post","type-post","status-publish","format-standard","hentry","category-c243-comunicati-stampa-dei-consiglieri-243"],"_links":{"self":[{"href":"https:\/\/archivio.comune.potenza.it\/index.php?rest_route=\/wp\/v2\/posts\/9021"}],"collection":[{"href":"https:\/\/archivio.comune.potenza.it\/index.php?rest_route=\/wp\/v2\/posts"}],"about":[{"href":"https:\/\/archivio.comune.potenza.it\/index.php?rest_route=\/wp\/v2\/types\/post"}],"author":[{"embeddable":true,"href":"https:\/\/archivio.comune.potenza.it\/index.php?rest_route=\/wp\/v2\/users\/1"}],"replies":[{"embeddable":true,"href":"https:\/\/archivio.comune.potenza.it\/index.php?rest_route=%2Fwp%2Fv2%2Fcomments&post=9021"}],"version-history":[{"count":0,"href":"https:\/\/archivio.comune.potenza.it\/index.php?rest_route=\/wp\/v2\/posts\/9021\/revisions"}],"wp:attachment":[{"href":"https:\/\/archivio.comune.potenza.it\/index.php?rest_route=%2Fwp%2Fv2%2Fmedia&parent=9021"}],"wp:term":[{"taxonomy":"category","embeddable":true,"href":"https:\/\/archivio.comune.potenza.it\/index.php?rest_route=%2Fwp%2Fv2%2Fcategories&post=9021"},{"taxonomy":"post_tag","embeddable":true,"href":"https:\/\/archivio.comune.potenza.it\/index.php?rest_route=%2Fwp%2Fv2%2Ftags&post=9021"}],"curies":[{"name":"wp","href":"https:\/\/api.w.org\/{rel}","templated":true}]}}