{"id":9023,"date":"2014-03-01T14:14:39","date_gmt":"2014-03-01T13:14:39","guid":{"rendered":"http:\/\/archivio.comune.potenza.it\/comune_wp\/?p=9023"},"modified":"2014-03-01T14:14:39","modified_gmt":"2014-03-01T13:14:39","slug":"sergio-potenza-popolari-uniti-non-solo-buche-il-centro-storico-fra-murales-e-cartelli-vendo-e-fittasi","status":"publish","type":"post","link":"https:\/\/archivio.comune.potenza.it\/?p=9023","title":{"rendered":"Sergio Potenza (Popolari Uniti): Non solo buche, il centro storico fra murales e cartelli vendo e fittasi"},"content":{"rendered":"<p><em>Via Pretoria fra buche, murales e cartelli \u201cvendo\u201d e \u201cfittasi\u201d : per la riqualificazione del borgo antico della citt\u00e0 serve uno sforzo che vada oltre i semplici interventi sulla viabilit\u00e0 <\/em><\/p>\n<p>La nostra sollecitazione sul centro storico del capoluogo \u00e8 stata raccolta dall\u2019assessore alla viabilit\u00e0,\u00a0 con l\u2019avvio della riqualificazione dei vicoli e la costituzione di un gruppo di lavoro ad hoc, ma non pu\u00f2 che essere il primo atto di una serie di azioni volte al cuore antico della citt\u00e0. A sostenerlo in una nota il capogruppo dei Popolari Uniti in Consiglio comunale Sergio Potenza. L\u2019amministrazione \u2013 continua Potenza \u2013 sempre secondo la nota diffusa dall\u2019assessore, avrebbe previsto interventi per 700.000 euro, per eseguire dei lavori nei\u00a0 vicoli, lungo la strada principale e ai marciapiedi. Speriamo \u2013 prosegue Potenza \u2013 che non si tratti di rattoppi con bitume sulla pavimentazione in pietra. Siamo consapevoli tutti, comunque &#8211;\u00a0 prosegue il consigliere dei Pu &#8211; che quello della viabilit\u00e0 \u00e8 solo uno dei problemi che attanagliano il centro. Sarebbe necessario procedere anche ad altri interventi, fra cui il ripristino o la sostituzione degli arredi, la pulizia delle facciate dei palazzi e dei muri presi di mira da vandali o attacchini non autorizzati. A tratti, via Pretoria \u2013 dichiara Potenza &#8211; sembra pi\u00f9 un laboratorio di arte urbana che la via principale del capoluogo. In detto contesto non si pu\u00f2 trascurare la presenza dei numerosi cartelli \u201cvendesi\u201d e \u201caffittasi\u201d, per capire come quella parte antica della citt\u00e0 stia perdendo il fascino e lo splendore di un tempo. Tanti sono i commercianti che negli ultimi anni hanno dovuto abbassare la saracinesca. La crisi ha colpito tutti, indistintamente. Ma \u00e8 innegabile che la situazione per gli esercenti di via Pretoria sia stata acuita da una serie di problemi\u00a0 che riguardano una parte della citt\u00e0, ormai troppo onerosa, poco attrattiva, poco appetibile e ritenuta meno fruibile del passato. La sensazione \u00e8 che si sia arrivati ad un punto di non ritorno! L\u2019amministrazione comunale \u2013 sostiene Potenza \u2013 deve intervenire e concordare soluzioni per aiutare le attivit\u00e0 commerciali, in modo da mantenere pulsante il cuore dell\u2019economia del centro. Non lasciamo fuggire chi ha ancora la forza di andare avanti e incentiviamo l\u2019apertura di altre attivit\u00e0 in centro. Una classe politica sensibile e amante della propria citt\u00e0 deve rimboccarsi le maniche.\u00a0 E allora \u2013 conclude Potenza &#8211; iniziamo dalle strade, ma pensiamo anche\u00a0 a\u00a0 provvedimenti drastici per rivitalizzare le attivit\u00e0 commerciali e rendere il centro pi\u00f9 pulito, pi\u00f9 bello e pi\u00f9 accessibile. E\u2019 un dato di fatto: molti rinunciano a \u201csalire\u201d in via Pretoria, con inevitabili danni per l\u2019economia del posto.<\/p>\n","protected":false},"excerpt":{"rendered":"<p>Via Pretoria fra buche, murales e cartelli \u201cvendo\u201d e \u201cfittasi\u201d : per la riqualificazione del borgo antico della citt\u00e0 serve uno sforzo che vada oltre &#8230; <\/p>\n","protected":false},"author":1,"featured_media":0,"comment_status":"closed","ping_status":"closed","sticky":false,"template":"single-sidebar.php","format":"standard","meta":{"footnotes":""},"categories":[384],"tags":[],"class_list":["post-9023","post","type-post","status-publish","format-standard","hentry","category-c243-comunicati-stampa-dei-consiglieri-243"],"_links":{"self":[{"href":"https:\/\/archivio.comune.potenza.it\/index.php?rest_route=\/wp\/v2\/posts\/9023"}],"collection":[{"href":"https:\/\/archivio.comune.potenza.it\/index.php?rest_route=\/wp\/v2\/posts"}],"about":[{"href":"https:\/\/archivio.comune.potenza.it\/index.php?rest_route=\/wp\/v2\/types\/post"}],"author":[{"embeddable":true,"href":"https:\/\/archivio.comune.potenza.it\/index.php?rest_route=\/wp\/v2\/users\/1"}],"replies":[{"embeddable":true,"href":"https:\/\/archivio.comune.potenza.it\/index.php?rest_route=%2Fwp%2Fv2%2Fcomments&post=9023"}],"version-history":[{"count":0,"href":"https:\/\/archivio.comune.potenza.it\/index.php?rest_route=\/wp\/v2\/posts\/9023\/revisions"}],"wp:attachment":[{"href":"https:\/\/archivio.comune.potenza.it\/index.php?rest_route=%2Fwp%2Fv2%2Fmedia&parent=9023"}],"wp:term":[{"taxonomy":"category","embeddable":true,"href":"https:\/\/archivio.comune.potenza.it\/index.php?rest_route=%2Fwp%2Fv2%2Fcategories&post=9023"},{"taxonomy":"post_tag","embeddable":true,"href":"https:\/\/archivio.comune.potenza.it\/index.php?rest_route=%2Fwp%2Fv2%2Ftags&post=9023"}],"curies":[{"name":"wp","href":"https:\/\/api.w.org\/{rel}","templated":true}]}}