{"id":9104,"date":"2014-03-18T14:13:32","date_gmt":"2014-03-18T13:13:32","guid":{"rendered":"http:\/\/archivio.comune.potenza.it\/comune_wp\/?p=9104"},"modified":"2014-03-18T14:13:32","modified_gmt":"2014-03-18T13:13:32","slug":"gianpaolo-carretta-partito-democratico-inquinamento-acustico","status":"publish","type":"post","link":"https:\/\/archivio.comune.potenza.it\/?p=9104","title":{"rendered":"Gianpaolo Carretta (Partito Democratico): Inquinamento acustico"},"content":{"rendered":"<p>Prendendo spunto dalla campagna itinerante realizzata dal Treno verde di Legambiente e Ferrovie dello Stato, con il patrocinio del Ministero dell&#8217;Ambiente, i rilevamenti per quanto riguarda il capoluogo di Regione, ci fanno riflettere su quello che \u00e8 ancora necessario fare per il miglioramento acustico-ambientale della nostra citt\u00e0. Se gli inquinanti sono nella norma, non \u00e8 altrettanto positiva la situazione acustica della citt\u00e0, soprattutto in alcune zone a traffico pi\u00f9 intenso, come quelle nei pressi degli istituti scolastici. Il quadro presentato da tale rapporto, frutto di campionamenti effettuati in 72 ore, attraverso centraline fisse e dispositivi mobili, ci mostra che l&#8217;immissione di sostanze inquinanti non superano la soglia, se non in particolari ore della giornata, ma che l&#8217;inquinamento acustico sfora soprattutto nelle ore notturne. Abbiamo, gi\u00e0 in passato, ricordato, che inquinamento ambientale \u00e8 anche quello elettromagnetico, dovuto alla localizzazione di antenne e tralicci della telefonia, sempre pi\u00f9 spesso vicini alle abitazioni dei cittadini. Di quest\u2019argomento se ne era gi\u00e0 occupata la VI Commissione consiliare comunale e, per la definizione del nuovo piano antenne, si era auspicato che la Regione stanziasse un finanziamento straordinario a sostegno delle risorse previste dal Comune per regolamentare questa materia, il tutto in una prospettiva lungimirante che ha, come unico fine, il bene comune, perseguibile attraverso rigorosi controlli.<\/p>\n","protected":false},"excerpt":{"rendered":"<p>Prendendo spunto dalla campagna itinerante realizzata dal Treno verde di Legambiente e Ferrovie dello Stato, con il patrocinio del Ministero dell&#8217;Ambiente, i rilevamenti per quanto &#8230; <\/p>\n","protected":false},"author":1,"featured_media":0,"comment_status":"closed","ping_status":"closed","sticky":false,"template":"single-sidebar.php","format":"standard","meta":{"footnotes":""},"categories":[384],"tags":[],"class_list":["post-9104","post","type-post","status-publish","format-standard","hentry","category-c243-comunicati-stampa-dei-consiglieri-243"],"_links":{"self":[{"href":"https:\/\/archivio.comune.potenza.it\/index.php?rest_route=\/wp\/v2\/posts\/9104"}],"collection":[{"href":"https:\/\/archivio.comune.potenza.it\/index.php?rest_route=\/wp\/v2\/posts"}],"about":[{"href":"https:\/\/archivio.comune.potenza.it\/index.php?rest_route=\/wp\/v2\/types\/post"}],"author":[{"embeddable":true,"href":"https:\/\/archivio.comune.potenza.it\/index.php?rest_route=\/wp\/v2\/users\/1"}],"replies":[{"embeddable":true,"href":"https:\/\/archivio.comune.potenza.it\/index.php?rest_route=%2Fwp%2Fv2%2Fcomments&post=9104"}],"version-history":[{"count":0,"href":"https:\/\/archivio.comune.potenza.it\/index.php?rest_route=\/wp\/v2\/posts\/9104\/revisions"}],"wp:attachment":[{"href":"https:\/\/archivio.comune.potenza.it\/index.php?rest_route=%2Fwp%2Fv2%2Fmedia&parent=9104"}],"wp:term":[{"taxonomy":"category","embeddable":true,"href":"https:\/\/archivio.comune.potenza.it\/index.php?rest_route=%2Fwp%2Fv2%2Fcategories&post=9104"},{"taxonomy":"post_tag","embeddable":true,"href":"https:\/\/archivio.comune.potenza.it\/index.php?rest_route=%2Fwp%2Fv2%2Ftags&post=9104"}],"curies":[{"name":"wp","href":"https:\/\/api.w.org\/{rel}","templated":true}]}}