{"id":9108,"date":"2014-03-18T14:17:06","date_gmt":"2014-03-18T13:17:06","guid":{"rendered":"http:\/\/archivio.comune.potenza.it\/comune_wp\/?p=9108"},"modified":"2014-03-18T14:17:06","modified_gmt":"2014-03-18T13:17:06","slug":"gianpaolo-carretta-partito-democratico-appalto-asse-metropolitano-f-a-l","status":"publish","type":"post","link":"https:\/\/archivio.comune.potenza.it\/?p=9108","title":{"rendered":"Gianpaolo Carretta (Partito Democratico): Appalto asse metropolitano F.A.L."},"content":{"rendered":"<p>\u00c8 con estrema soddisfazione che il Gruppo del Partito Democratico ha accolto la notizia dell&#8217;aggiudicazione dell&#8217;appalto del primo lotto relativo al progetto dei lavori di adeguamento dell\u2019Asse Metropolitano Fal, che prevede la realizzazione dei tre sottopassaggi in via Roma, via Angilla Vecchia e via Sicilia, lo spostamento della piccola stazione di Rione Mancusi, la realizzazione di un percorso meccanizzato di collegamento alle scale mobili di via Armellini e di un grande terminal prossimo al Nodo Complesso.<\/p>\n<p>Il progetto complessivo \u201cServizio Ferroviario Metropolitano Hinterland Potentino\u201d \u00e8 ancor pi\u00f9 straordinario, prevedendo l\u2019asse metropolitano su linea Fal Pignola-Potenza-Avigliano che cambier\u00e0 totalmente il volto dei trasporti della citt\u00e0 di Potenza.<\/p>\n<p>La seconda fase del progetto, infatti, permetter\u00e0, lungo la tratta Ospedale San Carlo-Avigliano scalo, lo sdoppiamento del binario che render\u00e0 indipendente il tracciato della FAL da quello di RFI, e la realizzazione di due nuove fermate, una a Macchia Romana, l\u2019altra presso il Polo sportivo di contrada Lavangone; mentre la terza e ultima fase vedr\u00e0 il ripristino della tratta tra il Terminal Gallitello e Pignola, utilizzando parte del vecchio collegamento ferroviario gi\u00e0 esistente.<\/p>\n<p>Una citt\u00e0 con un ambizioso progetto di crescita, come Potenza, non pu\u00f2 non mettere ai primi posti dei suoi programmi quello sul trasporto pubblico, che si inserisce nell\u2019obiettivo ancor pi\u00f9 ambizioso del Piano Strutturale Metropolitano che consiste nel programmare una serie di azioni in grado di trasformare l\u2019area centrale della Basilicata in un sistema urbano-territoriale, con funzione di baricentro socio-economico che spinga alla rivitalizzazione delle aree interne e al riequilibrio di dotazioni e servizi tra la citt\u00e0 di Potenza ed i comuni dell\u2019Hinterland.<\/p>\n<p>Il ruolo strategico di Potenza nei prossimi anni sar\u00e0 quello di dimostrare di essere soprattutto Citt\u00e0 comprensorio, capace di creare sinergie territoriali con quelle aree dove \u00e8 forte il pendolarismo verso il capoluogo, sempre nel pieno rispetto ambientale, mirando alla riduzione dei consumi energetici e all\u2019abbattimento di emissioni inquinanti, e favorendo l\u2019uso di mezzi alternativi di trasporto che facciano diminuire l\u2019uso individuale dell\u2019automobile privata e, di conseguenza, moderare il traffico.<\/p>\n<p>Sta quindi prendendo corpo il progetto inserito nella strategia \u201cPotenza 2020\u201d, che vede il capoluogo di Regione quale citt\u00e0 dell\u2019alta qualit\u00e0 dei servizi e punto di riferimento di un\u2019area extraurbana.<\/p>\n","protected":false},"excerpt":{"rendered":"<p>\u00c8 con estrema soddisfazione che il Gruppo del Partito Democratico ha accolto la notizia dell&#8217;aggiudicazione dell&#8217;appalto del primo lotto relativo al progetto dei lavori di &#8230; <\/p>\n","protected":false},"author":1,"featured_media":0,"comment_status":"closed","ping_status":"closed","sticky":false,"template":"single-sidebar.php","format":"standard","meta":{"footnotes":""},"categories":[384],"tags":[],"class_list":["post-9108","post","type-post","status-publish","format-standard","hentry","category-c243-comunicati-stampa-dei-consiglieri-243"],"_links":{"self":[{"href":"https:\/\/archivio.comune.potenza.it\/index.php?rest_route=\/wp\/v2\/posts\/9108"}],"collection":[{"href":"https:\/\/archivio.comune.potenza.it\/index.php?rest_route=\/wp\/v2\/posts"}],"about":[{"href":"https:\/\/archivio.comune.potenza.it\/index.php?rest_route=\/wp\/v2\/types\/post"}],"author":[{"embeddable":true,"href":"https:\/\/archivio.comune.potenza.it\/index.php?rest_route=\/wp\/v2\/users\/1"}],"replies":[{"embeddable":true,"href":"https:\/\/archivio.comune.potenza.it\/index.php?rest_route=%2Fwp%2Fv2%2Fcomments&post=9108"}],"version-history":[{"count":0,"href":"https:\/\/archivio.comune.potenza.it\/index.php?rest_route=\/wp\/v2\/posts\/9108\/revisions"}],"wp:attachment":[{"href":"https:\/\/archivio.comune.potenza.it\/index.php?rest_route=%2Fwp%2Fv2%2Fmedia&parent=9108"}],"wp:term":[{"taxonomy":"category","embeddable":true,"href":"https:\/\/archivio.comune.potenza.it\/index.php?rest_route=%2Fwp%2Fv2%2Fcategories&post=9108"},{"taxonomy":"post_tag","embeddable":true,"href":"https:\/\/archivio.comune.potenza.it\/index.php?rest_route=%2Fwp%2Fv2%2Ftags&post=9108"}],"curies":[{"name":"wp","href":"https:\/\/api.w.org\/{rel}","templated":true}]}}