{"id":9109,"date":"2014-03-18T14:19:16","date_gmt":"2014-03-18T13:19:16","guid":{"rendered":"http:\/\/archivio.comune.potenza.it\/comune_wp\/?p=9109"},"modified":"2014-03-18T14:19:16","modified_gmt":"2014-03-18T13:19:16","slug":"vito-mitro-gruppo-misto-z-t-l-attiva-nella-notte-di-capodanno","status":"publish","type":"post","link":"https:\/\/archivio.comune.potenza.it\/?p=9109","title":{"rendered":"Vito Mitro (Gruppo Misto): Z.T.L. attiva nella notte di Capodanno"},"content":{"rendered":"<p>\u201cE\u2019 stato un grave errore, una evidente disattenzione e una dimostrazione di superficialit\u00e0 l\u2019aver mantenuto attivo il divieto di accesso alla Zona a traffico limitato nella notte di Capodanno\u201d. Questo il parere del consigliere comunale del gruppo misto Vito Mitro espresso a margine di alcune segnalazioni formulate al suo indirizzo all\u2019indomani della notifica di verbali, che sono state effettuate in questi giorni per infrazioni commesse nella notte tra il 31 dicembre e il primo gennaio. \u201cLa Prima commissione che presiedo \u2013 evidenzia Mitro \u2013 aveva all\u2019unanimit\u00e0 dei presenti segnalato al Sindaco la necessit\u00e0 e l\u2019opportunit\u00e0 di sospendere l\u2019attivazione della Ztl durante il periodo natalizio e quello dei saldi. L\u2019Amministrazione in questa occasione, attraverso la Polizia locale ha assunto una decisione che \u00e8 risultata oltremodo penalizzante per i contribuenti potentini. L\u2019aver organizzato manifestazioni nel centro storico in occasione della notte dell\u2019ultimo dell\u2019anno e scoprire che comunque le telecamere sono rimaste attive \u00e8 davvero di difficile comprensione. Sono centinaia i giovani che sono incappati nel \u2018Grande fratello\u2019 della polizia locale, alcuni addirittura con pi\u00f9 passaggi nell\u2019arco della stessa serata, magari perch\u00e9 prestatisi ad accompagnare nella parte antica della citt\u00e0 amici che non avevano l\u2019auto e che, non potendo usufruire di mezzi pubblici, scale mobili e autobus non attivi, non avevano alternativa all\u2019auto privata. Tra l\u2019altro, mi corre l\u2019obbligo di sottolineare, come molti ragazzi che studiano fuori citt\u00e0, siano tornati a Potenza solo per qualche giorno e, non essendo a conoscenza della disposizione, hanno utilizzato l\u2019auto dei genitori. Tutto ci\u00f2 ha determinato un vero e proprio salasso per molti potentini, che ricorderanno non con grande piacere un notte che avrebbe dovuto essere di festa per tutti. Purtroppo mi sono informato del fatto che non \u00e8 pi\u00f9 possibile intervenire al fine di assumere un provvedimento, anche da parte del Sindaco, per far s\u00ec che le sanzioni possano essere eliminate. Non posso esimermi \u2013 conclude il consigliere Mitro dal tornare a esprimere vivo disappunto per l\u2019episodio e augurarmi che in occasione di momenti simili si possano predisporre per tempo ordinanze e quant\u2019altro necessario a garantire un sereno svolgimento delle iniziative programmate, evitando di andare a pesare notevolmente sulle tasche di cittadini gi\u00e0 notevolmente provate dalla crisi e dalle tasse nazionali e locali, e che avevano dimostrato interesse nei confronti delle positive iniziative intraprese dall\u2019Amministrazione, iniziative che andavano incontro a quanti non avevano le possibilit\u00e0 economiche per partecipare ai veglioni nei locali\u201d.\u00a0<\/p>\n","protected":false},"excerpt":{"rendered":"<p>\u201cE\u2019 stato un grave errore, una evidente disattenzione e una dimostrazione di superficialit\u00e0 l\u2019aver mantenuto attivo il divieto di accesso alla Zona a traffico limitato &#8230; <\/p>\n","protected":false},"author":1,"featured_media":0,"comment_status":"closed","ping_status":"closed","sticky":false,"template":"single-sidebar.php","format":"standard","meta":{"footnotes":""},"categories":[384],"tags":[],"class_list":["post-9109","post","type-post","status-publish","format-standard","hentry","category-c243-comunicati-stampa-dei-consiglieri-243"],"_links":{"self":[{"href":"https:\/\/archivio.comune.potenza.it\/index.php?rest_route=\/wp\/v2\/posts\/9109"}],"collection":[{"href":"https:\/\/archivio.comune.potenza.it\/index.php?rest_route=\/wp\/v2\/posts"}],"about":[{"href":"https:\/\/archivio.comune.potenza.it\/index.php?rest_route=\/wp\/v2\/types\/post"}],"author":[{"embeddable":true,"href":"https:\/\/archivio.comune.potenza.it\/index.php?rest_route=\/wp\/v2\/users\/1"}],"replies":[{"embeddable":true,"href":"https:\/\/archivio.comune.potenza.it\/index.php?rest_route=%2Fwp%2Fv2%2Fcomments&post=9109"}],"version-history":[{"count":0,"href":"https:\/\/archivio.comune.potenza.it\/index.php?rest_route=\/wp\/v2\/posts\/9109\/revisions"}],"wp:attachment":[{"href":"https:\/\/archivio.comune.potenza.it\/index.php?rest_route=%2Fwp%2Fv2%2Fmedia&parent=9109"}],"wp:term":[{"taxonomy":"category","embeddable":true,"href":"https:\/\/archivio.comune.potenza.it\/index.php?rest_route=%2Fwp%2Fv2%2Fcategories&post=9109"},{"taxonomy":"post_tag","embeddable":true,"href":"https:\/\/archivio.comune.potenza.it\/index.php?rest_route=%2Fwp%2Fv2%2Ftags&post=9109"}],"curies":[{"name":"wp","href":"https:\/\/api.w.org\/{rel}","templated":true}]}}