{"id":9110,"date":"2014-03-18T14:20:59","date_gmt":"2014-03-18T13:20:59","guid":{"rendered":"http:\/\/archivio.comune.potenza.it\/comune_wp\/?p=9110"},"modified":"2014-03-18T14:20:59","modified_gmt":"2014-03-18T13:20:59","slug":"antonio-losasso-popolari-uniti-metodo-e-tempi-per-la-scelta-del-candidato-sindaco","status":"publish","type":"post","link":"https:\/\/archivio.comune.potenza.it\/?p=9110","title":{"rendered":"Antonio Losasso (Popolari Uniti): Metodo e tempi per la scelta del candidato Sindaco"},"content":{"rendered":"<p>&#8220;E&#8217; un <em>modus operandi<\/em> vetusto e nauseabondo quello attuato da chi, lanciando messaggi di ogni genere, pensa che il PD prima, e la coalizione di centro-sinistra dopo, debbano subire pressioni sul metodo e sui tempi per la scelta del candidato Sindaco della citt\u00e0 di Potenza&#8221;.\u00a0 Questo \u00e8 quanto ha affermato il componente del Comitato cittadino ed anche Consigliere comunale dei Popolari uniti, \u00a0Antonio Losasso, durante la riunione di partito tenutasi sulle elezioni amministrative.<\/p>\n<p>&#8220;Nessuno &#8211; prosegue Losasso &#8211; pensi che la partecipazione alle primarie possa costituire una sorta di salvacondotto, come accaduto alle ultime elezioni regionali, per accedere ad incarichi di rilievo o di primo piano per la citt\u00e0&#8221;.<\/p>\n<p>&#8220;Il rinnovamento avviato a livello regionale &#8211; continua Losasso &#8211; non pu\u00f2 che continuare anche a livello di capoluogo, creando quella necessaria discontinuit\u00e0 con il passato ed archiviando una volta per tutte la pagina degli assessori comunali a vita. Su tale indirizzo, l\u2019imminente competizione elettorale non potr\u00e0 diventare occasione per la collocazione di ex consiglieri regionali o provinciali usciti dalla porta e convinti di rientrare dalla finestra&#8221;.<\/p>\n<p>\u201cNon \u00e8 sufficiente &#8211; afferma Losasso &#8211; mettere in piedi un discutibile quanto improvvisato sistema di selezione degli amministratori, ergo primarie, trascurando invece questioni pi\u00f9 importanti: il rinnovamento delle istituzioni, non solo anagrafico; la professionalit\u00e0, la storia, il curriculum, l\u2019affidabilit\u00e0\u00a0 dei candidati. Oggi pi\u00f9 di prima \u00e8 necessario avviare un rinnovato metodo di confronto, dando il giusto peso a chi non ha alcuna credibilit\u00e0\u201d.<\/p>\n<p>&#8220;Sul piano programmatico &#8211; continua Losasso &#8211; per chi vorr\u00e0 far parte del centro-sinistra, le proposte, da qualunque parte provengano, dovranno necessariamente essere portate all\u2019attenzione delle altre forze dell&#8217;alleanza e condivise con loro. Nessuna fuga in avanti da parte di chi gi\u00e0 siede al tavolo&#8221;.<\/p>\n<p>&#8220;E&#8217; indispensabile -conclude Losasso- che tutte le energie sane e perbene della citt\u00e0 siano coinvolte per il bene del capoluogo. Per noi Popolari uniti un unico slogan: Potenza in testa!&#8221;.<\/p>\n","protected":false},"excerpt":{"rendered":"<p>&#8220;E&#8217; un modus operandi vetusto e nauseabondo quello attuato da chi, lanciando messaggi di ogni genere, pensa che il PD prima, e la coalizione di &#8230; <\/p>\n","protected":false},"author":1,"featured_media":0,"comment_status":"closed","ping_status":"closed","sticky":false,"template":"single-sidebar.php","format":"standard","meta":{"footnotes":""},"categories":[384],"tags":[],"class_list":["post-9110","post","type-post","status-publish","format-standard","hentry","category-c243-comunicati-stampa-dei-consiglieri-243"],"_links":{"self":[{"href":"https:\/\/archivio.comune.potenza.it\/index.php?rest_route=\/wp\/v2\/posts\/9110"}],"collection":[{"href":"https:\/\/archivio.comune.potenza.it\/index.php?rest_route=\/wp\/v2\/posts"}],"about":[{"href":"https:\/\/archivio.comune.potenza.it\/index.php?rest_route=\/wp\/v2\/types\/post"}],"author":[{"embeddable":true,"href":"https:\/\/archivio.comune.potenza.it\/index.php?rest_route=\/wp\/v2\/users\/1"}],"replies":[{"embeddable":true,"href":"https:\/\/archivio.comune.potenza.it\/index.php?rest_route=%2Fwp%2Fv2%2Fcomments&post=9110"}],"version-history":[{"count":0,"href":"https:\/\/archivio.comune.potenza.it\/index.php?rest_route=\/wp\/v2\/posts\/9110\/revisions"}],"wp:attachment":[{"href":"https:\/\/archivio.comune.potenza.it\/index.php?rest_route=%2Fwp%2Fv2%2Fmedia&parent=9110"}],"wp:term":[{"taxonomy":"category","embeddable":true,"href":"https:\/\/archivio.comune.potenza.it\/index.php?rest_route=%2Fwp%2Fv2%2Fcategories&post=9110"},{"taxonomy":"post_tag","embeddable":true,"href":"https:\/\/archivio.comune.potenza.it\/index.php?rest_route=%2Fwp%2Fv2%2Ftags&post=9110"}],"curies":[{"name":"wp","href":"https:\/\/api.w.org\/{rel}","templated":true}]}}