{"id":9111,"date":"2014-03-18T14:22:36","date_gmt":"2014-03-18T13:22:36","guid":{"rendered":"http:\/\/archivio.comune.potenza.it\/comune_wp\/?p=9111"},"modified":"2014-03-18T14:22:36","modified_gmt":"2014-03-18T13:22:36","slug":"antonino-imbesi-popolo-della-liberta-vendita-del-tribunale-il-consiglio-di-stato-ha-dato-ragione-a-chi-sosteneva-che-non-era-possibile-la-svendita","status":"publish","type":"post","link":"https:\/\/archivio.comune.potenza.it\/?p=9111","title":{"rendered":"Antonino Imbesi (Popolo della Libert\u00e0): Vendita del Tribunale &#8211; il Consiglio di Stato ha dato ragione a chi sosteneva  che non era possibile la svendita!"},"content":{"rendered":"<p>Il VicePresidente del Consiglio Comunale di Potenza, Antonino Imbesi, in una nota, ha commentato favorevolmente la decisione del Consiglio di Stato di decretare l\u2019impossibilit\u00e0 di vendita del Tribunale di Potenza alle condizioni alle quali la Giunta Municipale (senza aver ricevuto alcun mandato in tal senso..) aveva ricontrattato e ridotto il prezzo di vendita ai 3\/5 del valore stimato inizialmente, stabilendo <span style=\"text-decoration: underline;\">con atto completamente unilaterale<\/span>, che il Palazzo di Giustizia venisse ceduto a prezzi irrisori.<\/p>\n<p>&#8220;<em>Il vincolo di destinazione che la Giunta aveva deciso unilateralmente di approvare nel maggio 2013 \u00e8 stato smontato, dopo il TAR, anche dal Consiglio di Stato a cui la Giunta Comunale sei era appellata per tentare di mantenere in piedi il proprio castello di sabbia\u2026 <\/em>&#8211; ha detto il Consigliere Municipale \u2013 <em>Gi\u00e0 il 31 ottobre del 2011 avevo sostenuto che la Giunta non potesse procedere alla vendita (anzi alla \u201csvendita\u201d) alle mutate condizioni, chiedendo che il deliberato tornasse in Consiglio (in modo che i Consiglieri \u201cassennati\u201d potessero votare lo stop all\u2019operazione) e paventando, inoltre, possibili danni erariali a carico degli Assessori da parte della Corte dei Conti se avessero continuato a seguire una strada decisamente non pi\u00f9 percorribile dopo che non era stato possibile vendere alle condizioni inizialmente stabilite. Successivamente a maggio 2013 l\u2019intera Opposizione aveva, con un ulteriore comunicato a me delegato, espresso la totale contrariet\u00e0 all\u2019operazione peraltro raccogliendo anche le firme per la indizione del Consiglio Municipale a norma dell\u2019art.26 dello Statuto Comunale e dell\u2019Art. 33 del Regolamento Comunale. Il Consiglio tenutosi a seguito di tale richiesta aveva mostrato come l\u2019aula consiliare si fosse completamente spaccata tra chi, come me e gli altri \u201cveri\u201d Consiglieri di Opposizione sostenevano che la <\/em><em>Giunta avesse deciso arbitrariamente di procedere ad una vendita per la quale non era stata delegata (poich\u00e9 non suffragata da alcun mandato a ridurre il prezzo) ed altri che avevano, ancora una volta, accettato \u201csupinamente\u201d\u00a0\u00a0 l\u2019interpretazione dell\u2019Assessore al Bilancio che continuava a sostenere la \u201cgrandiosit\u00e0\u201d di quella operazione..! Ora per\u00f2 giustizia \u00e8 fatta!<\/em>\u201d<\/p>\n<p>Il VicePresidente Imbesi ha chiuso ricordando che sar\u00e0 demandato alla prossima Amministrazione Comunale, che a breve uscir\u00e0 dalle urne, il compito di trovare metodi e modi virtuosi (nonch\u00e9 rispettosi delle norme) per affrontare di petto e tentare di risolvere, in qualche maniera, la disastrosa situazione economica che la Giunta uscente lascer\u00e0 in eredit\u00e0 alla citt\u00e0 di Potenza.<\/p>\n<p>&#8220;<em>\u00e8 inoltre paradossale verificare che dopo 19 anni dal dissesto (140 miliardi di lire circa) del 1995\u00a0 \u00a0<\/em>&#8211; ha concluso Imbesi \u2013 <em>la citt\u00e0 di Potenza abbia ancora un debito di 115 milioni di euro (nonostante si paghi annualmente una rata bancaria di 12 milioni) e nessuno dei parlamentari lucani si sia nemmeno posto il problema di chiedere al Governo un decreto salva-citt\u00e0 anche per la citt\u00e0 capoluogo della Basilicata!\u201d.<\/em><\/p>\n","protected":false},"excerpt":{"rendered":"<p>Il VicePresidente del Consiglio Comunale di Potenza, Antonino Imbesi, in una nota, ha commentato favorevolmente la decisione del Consiglio di Stato di decretare l\u2019impossibilit\u00e0 di &#8230; <\/p>\n","protected":false},"author":1,"featured_media":0,"comment_status":"closed","ping_status":"closed","sticky":false,"template":"single-sidebar.php","format":"standard","meta":{"footnotes":""},"categories":[384],"tags":[],"class_list":["post-9111","post","type-post","status-publish","format-standard","hentry","category-c243-comunicati-stampa-dei-consiglieri-243"],"_links":{"self":[{"href":"https:\/\/archivio.comune.potenza.it\/index.php?rest_route=\/wp\/v2\/posts\/9111"}],"collection":[{"href":"https:\/\/archivio.comune.potenza.it\/index.php?rest_route=\/wp\/v2\/posts"}],"about":[{"href":"https:\/\/archivio.comune.potenza.it\/index.php?rest_route=\/wp\/v2\/types\/post"}],"author":[{"embeddable":true,"href":"https:\/\/archivio.comune.potenza.it\/index.php?rest_route=\/wp\/v2\/users\/1"}],"replies":[{"embeddable":true,"href":"https:\/\/archivio.comune.potenza.it\/index.php?rest_route=%2Fwp%2Fv2%2Fcomments&post=9111"}],"version-history":[{"count":0,"href":"https:\/\/archivio.comune.potenza.it\/index.php?rest_route=\/wp\/v2\/posts\/9111\/revisions"}],"wp:attachment":[{"href":"https:\/\/archivio.comune.potenza.it\/index.php?rest_route=%2Fwp%2Fv2%2Fmedia&parent=9111"}],"wp:term":[{"taxonomy":"category","embeddable":true,"href":"https:\/\/archivio.comune.potenza.it\/index.php?rest_route=%2Fwp%2Fv2%2Fcategories&post=9111"},{"taxonomy":"post_tag","embeddable":true,"href":"https:\/\/archivio.comune.potenza.it\/index.php?rest_route=%2Fwp%2Fv2%2Ftags&post=9111"}],"curies":[{"name":"wp","href":"https:\/\/api.w.org\/{rel}","templated":true}]}}