{"id":9112,"date":"2014-03-18T14:30:08","date_gmt":"2014-03-18T13:30:08","guid":{"rendered":"http:\/\/archivio.comune.potenza.it\/comune_wp\/?p=9112"},"modified":"2014-03-18T14:30:08","modified_gmt":"2014-03-18T13:30:08","slug":"giuseppe-molinari-gruppo-molinari-strada-marrucaro-bucaletto-ancora-da-riqualificare","status":"publish","type":"post","link":"https:\/\/archivio.comune.potenza.it\/?p=9112","title":{"rendered":"Giuseppe Molinari (Gruppo Molinari): Strada Marrucaro\/Bucaletto ancora da riqualificare"},"content":{"rendered":"<p>\u201cSono passati quasi cinque anni da quando ho iniziato a sollecitare che <br \/>venisse risolto un problema molto sentito dai cittadini di contrada Marrucaro e <br \/>di rione Bucaletto: la riqualificazione e riapertura della strada che si trova <br \/>dietro il Park Hotel di Potenza. Dopo una iniziale fase di impegno da parte <br \/>dell&#8217;amministrazione comunale, la questione \u00e8 stata tralasciata senza che si <br \/>sia arrivati ad una positiva conclusione. Sarebbe opportuno riaprire il tavolo <br \/>di confronto con la propriet\u00e0 della strada per valutare quali le possibili <br \/>alternative utili a far s\u00ec che si ridia ai cittadini della zona la sicurezza di <br \/>attraversare la via a piedi o in macchina senza correre pericoli visto che il <br \/>collegamento, dissestato e poco illuminato, continua ad essere utilizzato come <br \/>scorciatoia\u201d.<\/p>\n<p>Il consigliere comunale di Potenza Giuseppe Molinari ritorna a portare <br \/>all&#8217;attenzione le richieste dei cittadini di Bucaletto e contrada Marrucaro che <br \/>negli anni passati hanno, insieme al comitato di quartiere della cittadella, <br \/>anche raccolto firme sollecitando pi\u00f9 e pi\u00f9 volte il Comune di Potenza affinch\u00e8 <br \/>venisse incontro alle loro esigenze.<\/p>\n<p>Secondo Molinari \u201cgli ostacoli burocratici ed economici che pure ci sono in <br \/>questa vicenda potrebbero essere superati con un impegno da parte non solo <br \/>dell&#8217;amministrazione comunale ma anche della propriet\u00e0 cos\u00ec da raggiungere <br \/>l&#8217;obiettivo finale che \u00e8 quello di rendere un importante servizio alla <br \/>comunit\u00e0. Non dimentichiamo che ai cittadini \u00e8 stato spesso assicurato di <br \/>essere in procinto di risolvere la questione creando, dunque, speranze in chi <br \/>ancora aspetta di vedere mantenute le promesse. L&#8217;apertura della strada in <br \/>questione, inoltre, permetterebbe un migliore collegamento per gli autobus <br \/>urbani come hanno suggerito il comitato di quartiere di Bucaletto ed i <br \/>residenti della zona. L&#8217;auspicio \u00e8 che riprendano la discussione ed il <br \/>confronto tra le parti interessate al problema affinch\u00e8 si trovino le risorse <br \/>necessarie a recuperare la strada cos\u00ec da chiudere in maniera positiva la <br \/>questione da anni irrisolta\u201d.<\/p>\n","protected":false},"excerpt":{"rendered":"<p>\u201cSono passati quasi cinque anni da quando ho iniziato a sollecitare che venisse risolto un problema molto sentito dai cittadini di contrada Marrucaro e di &#8230; <\/p>\n","protected":false},"author":1,"featured_media":0,"comment_status":"closed","ping_status":"closed","sticky":false,"template":"single-sidebar.php","format":"standard","meta":{"footnotes":""},"categories":[384],"tags":[],"class_list":["post-9112","post","type-post","status-publish","format-standard","hentry","category-c243-comunicati-stampa-dei-consiglieri-243"],"_links":{"self":[{"href":"https:\/\/archivio.comune.potenza.it\/index.php?rest_route=\/wp\/v2\/posts\/9112"}],"collection":[{"href":"https:\/\/archivio.comune.potenza.it\/index.php?rest_route=\/wp\/v2\/posts"}],"about":[{"href":"https:\/\/archivio.comune.potenza.it\/index.php?rest_route=\/wp\/v2\/types\/post"}],"author":[{"embeddable":true,"href":"https:\/\/archivio.comune.potenza.it\/index.php?rest_route=\/wp\/v2\/users\/1"}],"replies":[{"embeddable":true,"href":"https:\/\/archivio.comune.potenza.it\/index.php?rest_route=%2Fwp%2Fv2%2Fcomments&post=9112"}],"version-history":[{"count":0,"href":"https:\/\/archivio.comune.potenza.it\/index.php?rest_route=\/wp\/v2\/posts\/9112\/revisions"}],"wp:attachment":[{"href":"https:\/\/archivio.comune.potenza.it\/index.php?rest_route=%2Fwp%2Fv2%2Fmedia&parent=9112"}],"wp:term":[{"taxonomy":"category","embeddable":true,"href":"https:\/\/archivio.comune.potenza.it\/index.php?rest_route=%2Fwp%2Fv2%2Fcategories&post=9112"},{"taxonomy":"post_tag","embeddable":true,"href":"https:\/\/archivio.comune.potenza.it\/index.php?rest_route=%2Fwp%2Fv2%2Ftags&post=9112"}],"curies":[{"name":"wp","href":"https:\/\/api.w.org\/{rel}","templated":true}]}}