{"id":9125,"date":"2014-03-19T14:33:50","date_gmt":"2014-03-19T13:33:50","guid":{"rendered":"http:\/\/archivio.comune.potenza.it\/comune_wp\/?p=9125"},"modified":"2014-03-19T14:33:50","modified_gmt":"2014-03-19T13:33:50","slug":"gianpaolo-carretta-partito-democratico-fondi-fesr-regionali-e-aiuti-alle-imprese","status":"publish","type":"post","link":"https:\/\/archivio.comune.potenza.it\/?p=9125","title":{"rendered":"Gianpaolo Carretta (Partito Democratico): Fondi FESR Regionali e aiuti alle imprese"},"content":{"rendered":"<p>Il piano, gi\u00e0 intrapreso nella V Commissione, sulle politiche del lavoro e sul buon utilizzo di fondi regionali indirizzati ai giovani e alle loro idee imprenditoriali, ha trovato la sua attuazione nell&#8217;assegnazione di 9,3 milioni di euro dei Fondi Fesr dell&#8217;Asse Citt\u00e0 di aiuto alle imprese della citt\u00e0 di Potenza.<\/p>\n<p>\u00c8 proprio sull\u2019innovazione che va spinto l\u2019acceleratore, affinch\u00e9 la cultura imprenditoriale muti e consideri come prioritario l\u2019investimento nell\u2019alta tecnologia e nella cooperazione con il mondo del sapere e, in questo, il Comune di Potenza avr\u00e0 il ruolo di catalizzatore del processo di innovazione, modernizzazione e di apertura globale dell\u2019intero territorio metropolitano.<\/p>\n<p>I fondi sono stati impegnati, per un importo complessivo di 7,3 milioni di euro, per bandi \u201cClick Day\u201d, \u201cStartup e Spinoff\u201d e \u201cRicerca e Sviluppo\u201d per i quali sono state ammesse 40 istanze, attualmente in corso di istruttoria, con modalit\u00e0 di assegnazione entro il 30 giugno, e per un importo di 2 milioni di euro, a favore delle imprese con sede a Potenza che operano nel settore del sociale.<\/p>\n<p>\u00c8 senza dubbio importante non tralasciare le erogazioni di aiuti a privati ed imprese, il cui compito \u00e8 quello di far diventare il nostro contesto territoriale quanto pi\u00f9 competitivo e aperto ai mercati esterni, in un mondo che si sta muovendo e modificando soprattutto grazie alle nuove tecnologie.<\/p>\n<p>Il Pisus pu\u00f2 dunque essere considerato un punto fondamentale per condurre la citt\u00e0 verso l\u2019innovazione e l\u2019avanguardia della \u201cPotenza 2020\u201d.<\/p>\n","protected":false},"excerpt":{"rendered":"<p>Il piano, gi\u00e0 intrapreso nella V Commissione, sulle politiche del lavoro e sul buon utilizzo di fondi regionali indirizzati ai giovani e alle loro idee &#8230; <\/p>\n","protected":false},"author":1,"featured_media":0,"comment_status":"closed","ping_status":"closed","sticky":false,"template":"single-sidebar.php","format":"standard","meta":{"footnotes":""},"categories":[384],"tags":[],"class_list":["post-9125","post","type-post","status-publish","format-standard","hentry","category-c243-comunicati-stampa-dei-consiglieri-243"],"_links":{"self":[{"href":"https:\/\/archivio.comune.potenza.it\/index.php?rest_route=\/wp\/v2\/posts\/9125"}],"collection":[{"href":"https:\/\/archivio.comune.potenza.it\/index.php?rest_route=\/wp\/v2\/posts"}],"about":[{"href":"https:\/\/archivio.comune.potenza.it\/index.php?rest_route=\/wp\/v2\/types\/post"}],"author":[{"embeddable":true,"href":"https:\/\/archivio.comune.potenza.it\/index.php?rest_route=\/wp\/v2\/users\/1"}],"replies":[{"embeddable":true,"href":"https:\/\/archivio.comune.potenza.it\/index.php?rest_route=%2Fwp%2Fv2%2Fcomments&post=9125"}],"version-history":[{"count":0,"href":"https:\/\/archivio.comune.potenza.it\/index.php?rest_route=\/wp\/v2\/posts\/9125\/revisions"}],"wp:attachment":[{"href":"https:\/\/archivio.comune.potenza.it\/index.php?rest_route=%2Fwp%2Fv2%2Fmedia&parent=9125"}],"wp:term":[{"taxonomy":"category","embeddable":true,"href":"https:\/\/archivio.comune.potenza.it\/index.php?rest_route=%2Fwp%2Fv2%2Fcategories&post=9125"},{"taxonomy":"post_tag","embeddable":true,"href":"https:\/\/archivio.comune.potenza.it\/index.php?rest_route=%2Fwp%2Fv2%2Ftags&post=9125"}],"curies":[{"name":"wp","href":"https:\/\/api.w.org\/{rel}","templated":true}]}}