{"id":9146,"date":"2014-03-24T14:16:43","date_gmt":"2014-03-24T13:16:43","guid":{"rendered":"http:\/\/archivio.comune.potenza.it\/comune_wp\/?p=9146"},"modified":"2014-03-24T14:16:43","modified_gmt":"2014-03-24T13:16:43","slug":"nicola-becce-popolo-della-liberta-amministrative-al-comune-di-potenza","status":"publish","type":"post","link":"https:\/\/archivio.comune.potenza.it\/?p=9146","title":{"rendered":"Nicola Becce (Popolo della Libert\u00e0): Amministrative al Comune di Potenza"},"content":{"rendered":"<p>Dalla riunione di ieri del coordinamento regionale di Forza Italia Basilicata \u00e8 emerso un criterio, una valutazione \u00a0per la candidatura a sindaco di Potenza: era ora, ne prendo atto e valuter\u00f2 con attenzione insieme ai miei amici ed elettori. I tempi sono stretti ma Forza Italia Basilicata si \u00e8 presa l&#8217;impegno sin dalla sua formazione, di esprimersi democraticamente e dal basso per selezionare la classe dirigente e le cariche elettive. Per questo \u00e8 necessario consultare anche e soprattutto tutti i rappresentanti dei 18 Club Forza Silvio nati nel capoluogo di regione invitandoli ad esprimersi sul nome del candidato sindaco ed a segnalare eventuali candidati a consigliere comunale; soltanto in seguito bisogner\u00e0 dare una risposta ufficiale alla coalizione. Desidero rivolgere un invito agli alleati a discutere di programmi e di idee per Potenza e prioritariamente della composizione delle liste che sono ancora pi\u00f9 importanti dei nomi. Noi, come Forza Italiagi\u00e0 da alcune settimane abbiamo iniziato ad elaborare un programma per la citt\u00e0, aperto ai contributi di tutti i potentini e coordinato da appositi gruppi tematici del partito. Auspichiamo di poterci confrontare il prima possibile sui programmi con gli altri partiti e le altre liste civiche della coalizione. Rimandare ulteriormente sarebbe un errore imperdonabile.<\/p>\n","protected":false},"excerpt":{"rendered":"<p>Dalla riunione di ieri del coordinamento regionale di Forza Italia Basilicata \u00e8 emerso un criterio, una valutazione \u00a0per la candidatura a sindaco di Potenza: era &#8230; <\/p>\n","protected":false},"author":1,"featured_media":0,"comment_status":"closed","ping_status":"closed","sticky":false,"template":"single-sidebar.php","format":"standard","meta":{"footnotes":""},"categories":[384],"tags":[],"class_list":["post-9146","post","type-post","status-publish","format-standard","hentry","category-c243-comunicati-stampa-dei-consiglieri-243"],"_links":{"self":[{"href":"https:\/\/archivio.comune.potenza.it\/index.php?rest_route=\/wp\/v2\/posts\/9146"}],"collection":[{"href":"https:\/\/archivio.comune.potenza.it\/index.php?rest_route=\/wp\/v2\/posts"}],"about":[{"href":"https:\/\/archivio.comune.potenza.it\/index.php?rest_route=\/wp\/v2\/types\/post"}],"author":[{"embeddable":true,"href":"https:\/\/archivio.comune.potenza.it\/index.php?rest_route=\/wp\/v2\/users\/1"}],"replies":[{"embeddable":true,"href":"https:\/\/archivio.comune.potenza.it\/index.php?rest_route=%2Fwp%2Fv2%2Fcomments&post=9146"}],"version-history":[{"count":0,"href":"https:\/\/archivio.comune.potenza.it\/index.php?rest_route=\/wp\/v2\/posts\/9146\/revisions"}],"wp:attachment":[{"href":"https:\/\/archivio.comune.potenza.it\/index.php?rest_route=%2Fwp%2Fv2%2Fmedia&parent=9146"}],"wp:term":[{"taxonomy":"category","embeddable":true,"href":"https:\/\/archivio.comune.potenza.it\/index.php?rest_route=%2Fwp%2Fv2%2Fcategories&post=9146"},{"taxonomy":"post_tag","embeddable":true,"href":"https:\/\/archivio.comune.potenza.it\/index.php?rest_route=%2Fwp%2Fv2%2Ftags&post=9146"}],"curies":[{"name":"wp","href":"https:\/\/api.w.org\/{rel}","templated":true}]}}