{"id":9147,"date":"2014-03-24T14:18:41","date_gmt":"2014-03-24T13:18:41","guid":{"rendered":"http:\/\/archivio.comune.potenza.it\/comune_wp\/?p=9147"},"modified":"2014-03-24T14:18:41","modified_gmt":"2014-03-24T13:18:41","slug":"filippo-gesualdi-con-santarsiero-per-potenza-piano-commerciale-ed-abusivismo","status":"publish","type":"post","link":"https:\/\/archivio.comune.potenza.it\/?p=9147","title":{"rendered":"Filippo Gesualdi (Con Santarsiero per Potenza): Piano commerciale ed abusivismo"},"content":{"rendered":"<p class=\"Corpodeltesto21\">Filippo Gesualdi, consigliere comunale di Potenza, \u00a0in una nota sostiene che \u201cil settore commercio, meritava pi\u00f9 attenzione da parte dell\u2019amministrazione, invece \u00e8 quasi stato abbandonato a se stesso . I futuri amministratori devono necessariamente approvare, il nuovo Piano commerciale per rispondere meglio alle esigenze sia degli operatori del settore sia dei cittadini, quello esistente \u00e8 datato 2001. Un Piano che deve prevedere il riordino, la valorizzazione e la rifunzionalizzazione di alcuni siti mercatali come il mercato coperto di via Milano, prevedendo l\u2019installazione di box, pi\u00f9 funzionali anche dal punto di vista igienico-sanitario, a vantaggio degli stessi operatori e in ragione dei nuovi bisogni dei cittadini .Un piano che deve portare al riassetto complessivo della rete dei mercati esistenti, che presentano in alcuni casi forti problemi localizzativi (via Vespucci, viale del Basento), in altri di tendenziale caduta della domanda (via Ionio) e la creazione di nuovi appuntamenti minori, nei rioni di nuova espansione (Macchia Romana e Poggio Tre Galli) , la regolamentazione dei posteggi e la regolamentazione del commercio itinerante. L\u2019abusivismo commerciale continua a essere un fenomeno in aumento, implementato anche da chi, \u2018ingolosito\u2019 dai prezzi bassi, continua ad acquistare. Arginarlo \u00e8 possibile anche cheidendo ai cittadini di evitare di acquistare da ambulanti abusivi. Pere rendere il settore pi\u00f9 fruibile e competitivo andrebbero creati pi\u00f9 posteggi \u2013 continua Gesualdi \u2013 a cominciare dalla trasformazione di quelli stagionali, attualmente previsti, in posteggi fissi e soprattutto riducendo l\u2019area interdetta, laddove \u00e8 vietata la vendita. Andrebbero messi a disposizione della polizia locale strumenti legali pi\u00f9 efficaci, constatato come molto spesso non \u00e8 possibile il sequestro della merce trattandosi di commercianti in possesso di adeguato titolo autorizzatorio.\u00a0 C\u2019\u00e8 anche da dire che la difficolt\u00e0 maggiore \u00e8 la carenza legislativa in merito alla questione dei commercianti abusivi o irregolari che non viene risolta dall\u2019attuale legge 23\/2008, \u00e8 quindi necessaria una nuova revisione della legge regionale sul commercio cos\u00ec come auspicato dal presidente dell\u2019Anci, dalla Conf-commercio e Conf-esercenti. Bisogna seguire l\u2019esempio della Regione Emilia Romagna che ha introdotto nella legge in materia, la sanzione della confisca obbligatoria della merce nei confronti di chi esercita il commercio sia su aree private che pubbliche senza autorizzazione. Auspico pertanto che il presidente della Terza commissione consiliare regionale Francesco Pietrantuono, molto attento e sensibile alle problematiche che investono il settore, esamini il tema per proporre soluzioni adeguate\u201d conclude il consigliere comunale.<\/p>\n","protected":false},"excerpt":{"rendered":"<p>Filippo Gesualdi, consigliere comunale di Potenza, \u00a0in una nota sostiene che \u201cil settore commercio, meritava pi\u00f9 attenzione da parte dell\u2019amministrazione, invece \u00e8 quasi stato abbandonato &#8230; <\/p>\n","protected":false},"author":1,"featured_media":0,"comment_status":"closed","ping_status":"closed","sticky":false,"template":"single-sidebar.php","format":"standard","meta":{"footnotes":""},"categories":[384],"tags":[],"class_list":["post-9147","post","type-post","status-publish","format-standard","hentry","category-c243-comunicati-stampa-dei-consiglieri-243"],"_links":{"self":[{"href":"https:\/\/archivio.comune.potenza.it\/index.php?rest_route=\/wp\/v2\/posts\/9147"}],"collection":[{"href":"https:\/\/archivio.comune.potenza.it\/index.php?rest_route=\/wp\/v2\/posts"}],"about":[{"href":"https:\/\/archivio.comune.potenza.it\/index.php?rest_route=\/wp\/v2\/types\/post"}],"author":[{"embeddable":true,"href":"https:\/\/archivio.comune.potenza.it\/index.php?rest_route=\/wp\/v2\/users\/1"}],"replies":[{"embeddable":true,"href":"https:\/\/archivio.comune.potenza.it\/index.php?rest_route=%2Fwp%2Fv2%2Fcomments&post=9147"}],"version-history":[{"count":0,"href":"https:\/\/archivio.comune.potenza.it\/index.php?rest_route=\/wp\/v2\/posts\/9147\/revisions"}],"wp:attachment":[{"href":"https:\/\/archivio.comune.potenza.it\/index.php?rest_route=%2Fwp%2Fv2%2Fmedia&parent=9147"}],"wp:term":[{"taxonomy":"category","embeddable":true,"href":"https:\/\/archivio.comune.potenza.it\/index.php?rest_route=%2Fwp%2Fv2%2Fcategories&post=9147"},{"taxonomy":"post_tag","embeddable":true,"href":"https:\/\/archivio.comune.potenza.it\/index.php?rest_route=%2Fwp%2Fv2%2Ftags&post=9147"}],"curies":[{"name":"wp","href":"https:\/\/api.w.org\/{rel}","templated":true}]}}