{"id":9157,"date":"2014-03-26T14:03:10","date_gmt":"2014-03-26T13:03:10","guid":{"rendered":"http:\/\/archivio.comune.potenza.it\/comune_wp\/?p=9157"},"modified":"2014-03-26T14:03:10","modified_gmt":"2014-03-26T13:03:10","slug":"donato-coviello-partito-democratico-nuova-legge-regionale-assegnazione-alloggi","status":"publish","type":"post","link":"https:\/\/archivio.comune.potenza.it\/?p=9157","title":{"rendered":"Donato Coviello (Partito Democratico): Nuova Legge Regionale assegnazione alloggi."},"content":{"rendered":"<p style=\"text-align: left;\" align=\"center\">L\u2019emergenza abitativa per gli alloggi popolari offre uno spunto per discutere sulle priorit\u00e0 da affrontare, a partire dalla Legge regionale 24\/2007, che regolamenta le norme per l\u2019assegnazione, la gestione e la determinazione dei canoni di locazione degli alloggi di edilizia residenziale pubblica.<\/p>\n<p>Questa legge, pi\u00f9 volte modificata in alcune sue parti, necessita una completa revisione, alla luce della situazione socio-economica contingente, che sta generando nuove povert\u00e0 e stati di estrema difficolt\u00e0 tra i cittadini, che richiede un&#8217;ulteriore cautela nel gi\u00e0 delicato tema della verifica dei requisiti dei nuclei familiari e della successiva assegnazione delle unit\u00e0 abitative.<\/p>\n<p>Al momento, infatti, esiste anche una fascia sociale di cittadini che non riesce ad accedere n\u00e9 all&#8217;edilizia sovvenzionata, n\u00e9 a quella agevolata-convenzionata, perch\u00e9 magari supera di poco i limiti reddituali o perch\u00e9\u00a0 possiede quote anche minime di diritti di propriet\u00e0 su abitazioni indivise e di fatto non utilizzabili,\u00a0 pur non potendo sostenere i costi di un fitto o dell&#8217;acquisto di una casa sul libero mercato.<\/p>\n<p>Per queste famiglie \u00e8 necessario incentivare una diversa politica che tenda ad aumentare l&#8217;offerta degli alloggi a canone calmierato, intermedi tra l&#8217;edilizia sovvenzionata e l&#8217;edilizia agevolata.<\/p>\n<p>L&#8217;esigenza, dunque, \u00e8 quella di una nuova legge regionale, senza limitarsi ad ulteriori modifiche che si sommerebbero a tutta una serie di emendamenti approvati nelle precedenti legislature Regionali, che di fatto hanno gi\u00e0 snaturato la norma, senza riuscire talaltro nell\u2019obiettivo principale, cio\u00e8 quello di tutelare le diverse fasce di cittadini in un tessuto sociale ormai in continua evoluzione.<\/p>\n<p>In quest\u2019ottica tutto il \u201cPiano di investimenti per la citt\u00e0 di Potenza\u201d porterebbe maggiori e reali vantaggi ai cittadini, infatti l\u2019amministrazione comunale del capoluogo di regione ha approvato 72 milioni di euro di investimenti per il Contratto di valorizzazione urbana, da poter destinare ad obiettivi strategici gi\u00e0 individuati che condurranno e proietteranno la citt\u00e0 nel progetto di Potenza 2020.\u00a0<\/p>\n<p>Trattasi di progetti di grande importanza, tra cui la realizzazione dei 360 alloggi di edilizia sociale, gran parte dei quali nel quartiere di Bucaletto e i rimanenti nel rione Francioso e nella cosiddetta zona G.<\/p>\n<p>Tutto questo\u00a0 contribuir\u00e0 in modo sostanziale alla soluzione di numerose problematiche di natura sociale che caratterizzano la nostra comunit\u00e0, solo a condizione che ci si possa basare su una normativa chiara e durevole.\u00a0<\/p>\n","protected":false},"excerpt":{"rendered":"<p>L\u2019emergenza abitativa per gli alloggi popolari offre uno spunto per discutere sulle priorit\u00e0 da affrontare, a partire dalla Legge regionale 24\/2007, che regolamenta le norme &#8230; <\/p>\n","protected":false},"author":1,"featured_media":0,"comment_status":"closed","ping_status":"closed","sticky":false,"template":"single-sidebar.php","format":"standard","meta":{"footnotes":""},"categories":[384],"tags":[],"class_list":["post-9157","post","type-post","status-publish","format-standard","hentry","category-c243-comunicati-stampa-dei-consiglieri-243"],"_links":{"self":[{"href":"https:\/\/archivio.comune.potenza.it\/index.php?rest_route=\/wp\/v2\/posts\/9157"}],"collection":[{"href":"https:\/\/archivio.comune.potenza.it\/index.php?rest_route=\/wp\/v2\/posts"}],"about":[{"href":"https:\/\/archivio.comune.potenza.it\/index.php?rest_route=\/wp\/v2\/types\/post"}],"author":[{"embeddable":true,"href":"https:\/\/archivio.comune.potenza.it\/index.php?rest_route=\/wp\/v2\/users\/1"}],"replies":[{"embeddable":true,"href":"https:\/\/archivio.comune.potenza.it\/index.php?rest_route=%2Fwp%2Fv2%2Fcomments&post=9157"}],"version-history":[{"count":0,"href":"https:\/\/archivio.comune.potenza.it\/index.php?rest_route=\/wp\/v2\/posts\/9157\/revisions"}],"wp:attachment":[{"href":"https:\/\/archivio.comune.potenza.it\/index.php?rest_route=%2Fwp%2Fv2%2Fmedia&parent=9157"}],"wp:term":[{"taxonomy":"category","embeddable":true,"href":"https:\/\/archivio.comune.potenza.it\/index.php?rest_route=%2Fwp%2Fv2%2Fcategories&post=9157"},{"taxonomy":"post_tag","embeddable":true,"href":"https:\/\/archivio.comune.potenza.it\/index.php?rest_route=%2Fwp%2Fv2%2Ftags&post=9157"}],"curies":[{"name":"wp","href":"https:\/\/api.w.org\/{rel}","templated":true}]}}