{"id":9158,"date":"2014-03-26T14:04:52","date_gmt":"2014-03-26T13:04:52","guid":{"rendered":"http:\/\/archivio.comune.potenza.it\/comune_wp\/?p=9158"},"modified":"2014-03-26T14:04:52","modified_gmt":"2014-03-26T13:04:52","slug":"filippo-gesualdi-con-santarsiero-per-potenza-precisazioni-su-presunto-disaccordo-con-assessore-de-rosa","status":"publish","type":"post","link":"https:\/\/archivio.comune.potenza.it\/?p=9158","title":{"rendered":"Filippo Gesualdi (Con Santarsiero per Potenza): Precisazioni su presunto disaccordo con Assessore De Rosa"},"content":{"rendered":"<p>Il consigliere comunale del gruppo \u201cCon Santarsiero per Potenza\u201d, Filippo Gesualdi chiarisce il \u201cpresunto disaccordo\u201d con l\u2019assessore De Rosa in merito alla situazione in cui versa il settore commercio\u00a0 \u201caffermazioni le nostre che, pur affrontando il tema sotto ottiche diverse, come \u00e8 giusto e salutare che succeda in una democrazia, anche all\u2019interno delle forze che compongono la maggioranza, in realt\u00e0 non contrastano tra loro. E\u2019 utile precisare che per entrambi \u2013 prosegue Gesualdi riferendosi a lui e a De Rosa \u2013 che l\u2019approvazione del piano commerciale resta una priorit\u00e0,\u00a0 strumento questo che dovrebbe stabilire le regole, migliorare l\u2019organizzazione e le condizioni di vendita del commercio ambulante e combattere l\u2019abusivismo, la cui bozza, portata all\u2019attenzione degli operatori e delle associazioni di categoria, dovr\u00e0 essere esaminata dalla Commissione consiliare competente. Riguardo ai problemi localizzativi del mercato settimanale del venerd\u00ec ex via Vespucci, ora piazza Verdi, gli stessi permarranno almeno fino alla conclusione dei lavori di via Leoncavallo, per i tre operatori del luned\u00ec che non giudicano appetibile quel tipo di dislocazione. Concordiamo sul fatto che si registri un calo della domanda del mercato settimanale del mercoled\u00ec di via Ionio, e siamo d\u2019accordo sul fatto che vada rivalutato, io ritengo attraverso l\u2019introduzione anche di posteggi temporanei da destinare a prodotti ortofrutticoli e generi alimentari. D\u2019altronde, \u2013 prosegue Gesualdi \u2013 il mercato di Macchia Romana ha vissuto una situazione analoga, dopo il compimento della prima fase di sperimentazione, non avendo raggiunto l\u2019esito sperato, ha imposto la valutazione di apportare modifiche per renderlo pi\u00f9 fruibile e pi\u00f9 competitivo, lavorando nella direzione di un mercato misto (alimentare e non alimentare). Anche per questo caso, ritengo sia utile modificare l\u2019attuale Regolamento comunale e introdurre criteri che consentano di selezionare, laddove si rendesse necessario, gli operatori commerciali in base alle diverse specializzazioni merceologiche, abbigliamento, prodotti di igiene per la persona e la casa, l\u2019intimo, le calzature, l\u2019alimentare comprendente ovviamente l\u2019ortofrutta. Rispetto al mercato mensile di via della Fisica, che conta circa 221 operatori, e diviso in 3 parti, si rende necessaria l\u2019ultimazione dei lavori di realizzazione dei marciapiedi per restituire quel senso di continuit\u00e0.\u00a0 La legge regionale sul commercio prevede che ogni 2 anni vengano messi a bando i posteggi disponibili non assegnati e credo sia utile avvalersene per assegnare i posti liberi nell\u2019ambito del mercato mensile. Andrebbe pubblicato un bando di concorso, consentendo agli spuntisti di avere finalmente un legittimo posto assegnato\u201d ancora il consigliere comunale. \u201cLa politica, per fortuna, \u00e8 fatta di dialogo continuo, anche se pu\u00f2 essere vista da angolazioni differenti, la diversit\u00e0 \u00e8 un pregio perch\u00e9 \u00e8 ricchezza di spunti, scrupolosit\u00e0, analisi. Il pensare pu\u00f2 anche dividere, ma il sentire certamente unisce\u201d conclude Gesualdi.<\/p>\n","protected":false},"excerpt":{"rendered":"<p>Il consigliere comunale del gruppo \u201cCon Santarsiero per Potenza\u201d, Filippo Gesualdi chiarisce il \u201cpresunto disaccordo\u201d con l\u2019assessore De Rosa in merito alla situazione in cui &#8230; <\/p>\n","protected":false},"author":1,"featured_media":0,"comment_status":"closed","ping_status":"closed","sticky":false,"template":"single-sidebar.php","format":"standard","meta":{"footnotes":""},"categories":[384],"tags":[],"class_list":["post-9158","post","type-post","status-publish","format-standard","hentry","category-c243-comunicati-stampa-dei-consiglieri-243"],"_links":{"self":[{"href":"https:\/\/archivio.comune.potenza.it\/index.php?rest_route=\/wp\/v2\/posts\/9158"}],"collection":[{"href":"https:\/\/archivio.comune.potenza.it\/index.php?rest_route=\/wp\/v2\/posts"}],"about":[{"href":"https:\/\/archivio.comune.potenza.it\/index.php?rest_route=\/wp\/v2\/types\/post"}],"author":[{"embeddable":true,"href":"https:\/\/archivio.comune.potenza.it\/index.php?rest_route=\/wp\/v2\/users\/1"}],"replies":[{"embeddable":true,"href":"https:\/\/archivio.comune.potenza.it\/index.php?rest_route=%2Fwp%2Fv2%2Fcomments&post=9158"}],"version-history":[{"count":0,"href":"https:\/\/archivio.comune.potenza.it\/index.php?rest_route=\/wp\/v2\/posts\/9158\/revisions"}],"wp:attachment":[{"href":"https:\/\/archivio.comune.potenza.it\/index.php?rest_route=%2Fwp%2Fv2%2Fmedia&parent=9158"}],"wp:term":[{"taxonomy":"category","embeddable":true,"href":"https:\/\/archivio.comune.potenza.it\/index.php?rest_route=%2Fwp%2Fv2%2Fcategories&post=9158"},{"taxonomy":"post_tag","embeddable":true,"href":"https:\/\/archivio.comune.potenza.it\/index.php?rest_route=%2Fwp%2Fv2%2Ftags&post=9158"}],"curies":[{"name":"wp","href":"https:\/\/api.w.org\/{rel}","templated":true}]}}