{"id":9180,"date":"2014-03-29T14:36:02","date_gmt":"2014-03-29T13:36:02","guid":{"rendered":"http:\/\/archivio.comune.potenza.it\/comune_wp\/?p=9180"},"modified":"2014-03-29T14:36:02","modified_gmt":"2014-03-29T13:36:02","slug":"salvatore-lacerra-mal-mpa-revolution","status":"publish","type":"post","link":"https:\/\/archivio.comune.potenza.it\/?p=9180","title":{"rendered":"Salvatore Lacerra (MAL &#8211; MPA): Revolution"},"content":{"rendered":"<p>Bella la canzone dei Beatles: revolution, canzone dirompente, con quell\u2019attacco di chitarra elettrica e quell\u2019aaaaaaaaah urlato.\u00a0 E\u2019 possibile a Potenza una rivoluzione? Di che tipo? Quando? Ultimamente ho letto di un disamore dei potentini per la loro citt\u00e0, di una presenza ormai sparuta di veri potentini, di una annunciata organizzazione dell\u2019Azienda di Promozione Turistica, di una serie di impegni di spesa regionali, della denominazione da dare alla nostra regione. Notizie che hanno un filo logico, \u201crivoluzionario\u201d cerco di rappresentarlo.<\/p>\n<p>Parlare di potentini veraci a Potenza ha senso? Si, se\u00a0 si parlasse di un paese, no se si parla di una Citt\u00e0. E Potenza \u00e8 una Citt\u00e0, una Citt\u00e0 da sempre, una Citt\u00e0 Lucana, indicata gi\u00e0 dal geografo greco\u00a0 Stabone e dallo storico romano Plinio come \u201c<em>Una fra le pi\u00f9 antiche citt\u00e0 libere ed indipendenti della Lucania..\u201d<\/em>. Una Citt\u00e0 che racchiude nel suo DNA la quint\u2019essenza dell\u2019essere Citt\u00e0: lo spirito libero. Una Citt\u00e0 che attrae ed include e non esclude. Una Citt\u00e0 che ha adempiuto ed adempie al suo ruolo, ma ne sconta lo scotto,perch\u00e9 naturalmente generosa,\u00a0 quando si trova di fronte a realt\u00e0 abituate a rivendicare, avvezze\u00a0 alla lamentazione, alla pretesa ancorch\u00e9 ingiustificata. Vedete la cartografia dell\u2019epoca,\u00a0 Potenza c\u2019\u00e8, altre citt\u00e0 mancano. Certo, negli ultimi anni Potenza \u00e8 stata governata da chi conosceva pi\u00f9 la campagna che l\u2019Urbs, ma dire che i potentini non sono orgogliosi della propria Citt\u00e0 \u00e8 eresia. Non sono orgogliosi di com\u2019\u00e8 stata governata!<\/p>\n<p>Ho letto anche della duplice denominazione Basilicata o Lucania, e mi pare che, venute meno pregiudiziali ideologiche, l\u2019orientamento \u00e8 ritornare a Lucania: ne rafforza\u00a0 il senso di coesione. Evito superflue precisazioni storico geografiche, certo per\u00f2 che pensare a rivoluzioni, fatte a danno della Citt\u00e0 dei servizi, per favorire altri, mi sembra sciocco. Prima il tentativo di trasferire la sede della Provincia, ora quello di trasferire la direzione dell\u2019APT , (l\u2019Azienda di Promozione Turistica), di insediare la sede della nascente Music Commission, dopo aver messo l\u00ec la sede della Film Commission, mi sembra una ingordigia senza limiti per una realt\u00e0 che non mi pare abbia brillato per senso di coesione, tutt\u2019altro. Se le direzioni degli uffici statali chiudono, se chiudono le caserme, se continuamente viene messa in discussione la funzione di direzione e di servizi, da sempre caratteristica della Citt\u00e0 Capoluogo di Regione:Potenza, se si rivendica su tutto e tutto viene duplicato, se si pretende di chiudere uffici a Potenza per trasferirli a Matera e contestualmente se ne aprono di altri li, se finanche nella finanziaria regionale si parla e si finanzia solo e sempre Matera, allora Presidente Pittella questa non \u00e8 rivoluzione, questo \u00e8 altro, allora qui si sta saccheggiando! Non si pu\u00f2 parlare di sviluppo togliendo ad alcuni per dare ad altri, anche perch\u00e9 Presidente Lei cos\u00ec facendo toglie l\u2019unica risorsa della Citt\u00e0 Capoluogo di Regione.<\/p>\n<p>\u00a0Se vuole, Presidente, la Rivoluzione, quella vera, la faccia accentrando le direzioni ove queste devono avere sede (Potenza) ed eventualmente rafforzando, se necessario, gli uffici periferici, eviti duplicazioni inutili e finanche dannose, nomini direttori e dirigenti competenti, mobiliti la popolazione per la difesa del territorio e delle risorse. Presidente le ricordo che il motto\u00a0 sul turismo aveva quattro M e non solo una (Monti, Monticchio, Maratea e Matera), come le ricordo Presidente che la candidatura di Matera 2019 prevede al punto 4 di coinvolgere il territorio, non di saccheggiarlo.<\/p>\n<p>Certo, la citt\u00e0 di Potenza \u00e8 grata a tutti quei consiglieri regionali, che pure hanno fatto incetta di voti a Potenza e che a parole dicono di rappresentarla, a quelli che hanno promesso la rivoluzione ed a quelli che hanno promesso altro, tutti silenti per l\u2019occasione!<\/p>\n<p>La rivoluzione\u2026\u2026.. non arriva in silenzio!<\/p>\n","protected":false},"excerpt":{"rendered":"<p>Bella la canzone dei Beatles: revolution, canzone dirompente, con quell\u2019attacco di chitarra elettrica e quell\u2019aaaaaaaaah urlato.\u00a0 E\u2019 possibile a Potenza una rivoluzione? Di che tipo? &#8230; <\/p>\n","protected":false},"author":1,"featured_media":0,"comment_status":"closed","ping_status":"closed","sticky":false,"template":"single-sidebar.php","format":"standard","meta":{"footnotes":""},"categories":[384],"tags":[],"class_list":["post-9180","post","type-post","status-publish","format-standard","hentry","category-c243-comunicati-stampa-dei-consiglieri-243"],"_links":{"self":[{"href":"https:\/\/archivio.comune.potenza.it\/index.php?rest_route=\/wp\/v2\/posts\/9180"}],"collection":[{"href":"https:\/\/archivio.comune.potenza.it\/index.php?rest_route=\/wp\/v2\/posts"}],"about":[{"href":"https:\/\/archivio.comune.potenza.it\/index.php?rest_route=\/wp\/v2\/types\/post"}],"author":[{"embeddable":true,"href":"https:\/\/archivio.comune.potenza.it\/index.php?rest_route=\/wp\/v2\/users\/1"}],"replies":[{"embeddable":true,"href":"https:\/\/archivio.comune.potenza.it\/index.php?rest_route=%2Fwp%2Fv2%2Fcomments&post=9180"}],"version-history":[{"count":0,"href":"https:\/\/archivio.comune.potenza.it\/index.php?rest_route=\/wp\/v2\/posts\/9180\/revisions"}],"wp:attachment":[{"href":"https:\/\/archivio.comune.potenza.it\/index.php?rest_route=%2Fwp%2Fv2%2Fmedia&parent=9180"}],"wp:term":[{"taxonomy":"category","embeddable":true,"href":"https:\/\/archivio.comune.potenza.it\/index.php?rest_route=%2Fwp%2Fv2%2Fcategories&post=9180"},{"taxonomy":"post_tag","embeddable":true,"href":"https:\/\/archivio.comune.potenza.it\/index.php?rest_route=%2Fwp%2Fv2%2Ftags&post=9180"}],"curies":[{"name":"wp","href":"https:\/\/api.w.org\/{rel}","templated":true}]}}