{"id":9219,"date":"2014-04-03T13:15:42","date_gmt":"2014-04-03T11:15:42","guid":{"rendered":"http:\/\/archivio.comune.potenza.it\/comune_wp\/?p=9219"},"modified":"2014-04-03T13:15:42","modified_gmt":"2014-04-03T11:15:42","slug":"gianpaolo-carretta-partito-democratico-bilancia-acta","status":"publish","type":"post","link":"https:\/\/archivio.comune.potenza.it\/?p=9219","title":{"rendered":"Gianpaolo Carretta (Partito Democratico): Bilancia ACTA"},"content":{"rendered":"<p>Apprendiamo con estrema soddisfazione del Bilancio Consuntivo 2013 approvato dal CdA dell&#8217;Acta, che vede un risparmio di circa 500 mila euro rispetto all&#8217;esercizio precedente.<\/p>\n<p>Il risultato \u00e8, senza dubbio, frutto di un lavoro svolto in sinergia con l&#8217;Amministrazione comunale, che ha visto, nel futuro strategico dell\u2019Acta, la necessit\u00e0 di una razionalizzazione che rispondesse alla normativa nazionale, attraverso la rimodulazione della struttura aziendale e del Consiglio di amministrazione diventato finalmente interno.<\/p>\n<p>Attraverso l&#8217;affidamento del servizio di gestione dell&#8217;igiene urbana, della raccolta e dello smaltimento dei rifiuti solidi urbani in <em>house providing <\/em>si \u00e8 inteso offrire un servizio che tuteli, prima tra tutte, la continuit\u00e0, al fine di salvaguardare l&#8217;igiene e la salute pubblica, attraverso una nuova strategia di raccolta e differenziazione, che \u00e8 gi\u00e0 stata ben avviata dal nuovo management dell&#8217;Acta, che sta lavorando egregiamente, attraverso l&#8217;innalzamento della qualit\u00e0 del servizio e relativo abbattimento dei costi.<\/p>\n<p>Per quanto riguarda i costi dell\u2019Azienda, infatti, la maggior parte della spesa \u00e8 rappresentata dal costo imputabile al personale, all\u2019imposta sul valore aggiunto, ai fitti, e al costo di carburante, mentre una parte \u00e8 dovuta alla spesa per il conferimento, ma molti costi sono stati gi\u00e0 abbattuti, sia grazie all\u2019azzeramento del costo del Consiglio d\u2019amministrazione, sia alla contrazione dei costi di trasporto dei rifiuti in discarica, sia al minor ricorso a lavoratori interinali, utilizzando personale interno, a cui si aggiunger\u00e0 a breve un ulteriore risparmio di 200.000 euro per il trasferimento della sede.<\/p>\n<p>Con l&#8217;approvazione, inoltre, sia del Contratto di Servizio da parte del Consiglio comunale della durata di 9 anni, sia del Piano Industriale, per il periodo 2014\/2020, l&#8217;Azienda si conferma ad occupare un ruolo importante nell&#8217;erogazione di servizi alla comunit\u00e0, sempre pi\u00f9 di alta qualit\u00e0.<\/p>\n<p>Nel momento attuale, comunque, ci\u00f2 che pi\u00f9 interessa \u00e8 la raccolta differenziata, concordata con il Conai, con cui si proceder\u00e0 a cerchi concentrici, cominciando dalle contrade, in cui si proseguir\u00e0 ancora con la raccolta stradale, anche se con cassonetti pi\u00f9 differenziati, fino alla raccolta porta a porta, che interesser\u00e0 circa 15.000 abitanti, con giorni specifici per umido, secco ed altri tipi di rifiuti, e l\u2019adeguamento dell\u2019inceneritore di Montegrosso \u2013 Pallareta, con il quale si giunger\u00e0 finalmente ad un parziale utilizzo della struttura, trasformandola in stazione di trasferenza, e utilizzando una prima parte di macchinari che consentiranno il pretrattamento dei rifiuti, grazie anche alla destinazione di un milione di euro nell\u2019ultimo Bilancio comunale.<\/p>\n<p>In questo modo, grazie, al superamento del sistema di raccolta a cassonetto, a favore di quello porta a porta, si giunger\u00e0 ad una riduzione dei costi di trattamento e di smaltimento e ad un aumento della percentuale di raccolta differenziata, che passer\u00e0 dall\u2019attuale 27% a circa il 50%.<\/p>\n<p>\u00a0<\/p>\n","protected":false},"excerpt":{"rendered":"<p>Apprendiamo con estrema soddisfazione del Bilancio Consuntivo 2013 approvato dal CdA dell&#8217;Acta, che vede un risparmio di circa 500 mila euro rispetto all&#8217;esercizio precedente. Il &#8230; <\/p>\n","protected":false},"author":1,"featured_media":0,"comment_status":"closed","ping_status":"closed","sticky":false,"template":"single-sidebar.php","format":"standard","meta":{"footnotes":""},"categories":[384],"tags":[],"class_list":["post-9219","post","type-post","status-publish","format-standard","hentry","category-c243-comunicati-stampa-dei-consiglieri-243"],"_links":{"self":[{"href":"https:\/\/archivio.comune.potenza.it\/index.php?rest_route=\/wp\/v2\/posts\/9219"}],"collection":[{"href":"https:\/\/archivio.comune.potenza.it\/index.php?rest_route=\/wp\/v2\/posts"}],"about":[{"href":"https:\/\/archivio.comune.potenza.it\/index.php?rest_route=\/wp\/v2\/types\/post"}],"author":[{"embeddable":true,"href":"https:\/\/archivio.comune.potenza.it\/index.php?rest_route=\/wp\/v2\/users\/1"}],"replies":[{"embeddable":true,"href":"https:\/\/archivio.comune.potenza.it\/index.php?rest_route=%2Fwp%2Fv2%2Fcomments&post=9219"}],"version-history":[{"count":0,"href":"https:\/\/archivio.comune.potenza.it\/index.php?rest_route=\/wp\/v2\/posts\/9219\/revisions"}],"wp:attachment":[{"href":"https:\/\/archivio.comune.potenza.it\/index.php?rest_route=%2Fwp%2Fv2%2Fmedia&parent=9219"}],"wp:term":[{"taxonomy":"category","embeddable":true,"href":"https:\/\/archivio.comune.potenza.it\/index.php?rest_route=%2Fwp%2Fv2%2Fcategories&post=9219"},{"taxonomy":"post_tag","embeddable":true,"href":"https:\/\/archivio.comune.potenza.it\/index.php?rest_route=%2Fwp%2Fv2%2Ftags&post=9219"}],"curies":[{"name":"wp","href":"https:\/\/api.w.org\/{rel}","templated":true}]}}