{"id":9270,"date":"2014-04-11T13:17:28","date_gmt":"2014-04-11T11:17:28","guid":{"rendered":"http:\/\/archivio.comune.potenza.it\/comune_wp\/?p=9270"},"modified":"2014-04-11T13:17:28","modified_gmt":"2014-04-11T11:17:28","slug":"nicola-becce-popolo-della-liberta-elezioni-comunali-2014","status":"publish","type":"post","link":"https:\/\/archivio.comune.potenza.it\/?p=9270","title":{"rendered":"Nicola Becce (Popolo della Libert\u00e0): Elezioni comunali 2014"},"content":{"rendered":"<p>Nicola Becce candidato alle comunali di Potenza 2014 continua a valutare e studiare le varie proposte, per far si che la nostra citt\u00e0 diventi migliore di quella attuale e che smetta di essere vittima di crisi e degrado in modo che sicurezza, legalit\u00e0, ambiente, temi sull\u2019urbanistica e opportunit\u00e0 lavorative siano la nuova visione della citt\u00e0 del domani. Potenza \u00e8 una grande citt\u00e0 che merita di essere governata con determinazione, coraggio, competenza. Bisogna guidare la nostra comunit\u00e0 con la consapevolezza che il contesto economico e sociale attuale \u00e8 particolarmente delicato. Occorrer\u00e0 costruire a livello locale le condizioni per ridurre l\u2019impatto negativo della crisi attraverso il rilancio economico, sociale e culturale. Potenza ha il diritto e il dovere di rinascere<\/p>\n<p><em>&lt;&lt;<\/em> <em>L\u2019idea di citt\u00e0 che proponiamo \u00e8 questa: una citt\u00e0 che protegge, che include, investendo nei suoi servizi sociali, educativi, sanitari, culturali, e progetta, creando le condizioni per uno sviluppo centrato sull\u2019innovazione, sulle qualit\u00e0 umane e ambientali, sulla sostenibilit\u00e0 e sulle infrastrutture del proprio territorio<\/em><em> &gt;&gt; <\/em>dice Nicola Becce.<\/p>\n<p>Nel suo programma elettorale viene dato enorme spazio ai giovani e alle loro idee attraverso l&#8217;universit\u00e0, attraverso la creazione di una consulta giovanile che si rispetti e che diverr\u00e0 uno strumento indispensabile per il dialogo tra i &#8220;giovani del fare&#8221; e l&#8217;amministrazione comunale.<\/p>\n<p class=\"Pa1\"><em>&lt;&lt;<\/em> <em>I giovani saranno una importante priorit\u00e0 e lavoreremo per promuovere la loro capacit\u00e0 di essere protagonisti consapevoli del cambiamento, attivando iniziative che favoriranno la loro capacit\u00e0 di operare scelte. In particolare coinvolgeremo il mondo delle banche e delle fondazioni per realizzare progetti che consentiranno ai nostri giovani di affrontare esperienze formative all\u2019estero e coinvolgeremo le imprese per favorire il loro inserimento lavorativo.&gt;&gt;<\/em><\/p>\n<p>Altro tema molto importante per lui \u00e8 lo sport, in ogni sua forma, a livello agonistico, dilettantistico, amatoriale e scolastico sia per la componente ludi\u00adco-sportiva, che per il suo valore di prevenzione e terapia contro il disagio sociale e la carenza di valori comportamentali ed etici, poich\u00e9, tutti i componenti delle societ\u00e0 dovrebbero aver accesso allo sport. Occorre rivedere il processo e l\u2019organizzazione del servizio di raccolta e gestione dei rifiuti, rafforzando le azioni a tutela della salute pubblica e della qualit\u00e0 urbana e responsabilizzando i maggiori operatori presenti sul territorio. L\u2019obiettivo dell\u2019amministrazione \u00e8 incidere nella riduzione dei costi della Tarsu attraverso un controllo dei costi di gestione di Acta spa e soprattutto trasformandola in vera TARIFFA per cui ciascuno paga solo in base a quanti rifiuti effettivamente produce, prevedendo sconti per le famiglie, avviare politiche di riduzione dei rifiuti alla fonte, sostenere l\u2019educazione ambientale nelle scuole per la sostenibilit\u00e0 e contro gli sprechi e censire gli scarichi impropri.<em>&lt;&lt; Occorre incentivare la raccolta differenziata, favorire il corretto riutilizzo dei rifiuti o parte di essi, vetro, metallo, plastica, carta; ma accanto a questo occorre prevedere modalit\u00e0 di smaltimento tramite termovalorizzatori che aggiungano ai benefici dello smaltimento anche un utile recupero di energia. Essere contro a prescindere degli inceneritori \u00e8 demagogico e dimostra di avere idee distorte sulla sicurezza di questi moderni impianti presenti in quasi tutte le pi\u00f9 moderne citt\u00e0 europee ed in molti casi all\u2019interno del tessuto residenziale&gt;&gt;. <\/em>Afferma Nicola Becce. E continua dicendo che: <em>&lt;&lt;E\u2019 importante risvegliare la coscienza critica delle persone e ricostruire una comunit\u00e0 che sappia confrontarsi sui temi pi\u00f9 disparati garantendo basi culturali solide. Intendiamo raggiungere questo obbiettivo creando e valorizzando strutture e luoghi che facilitino l\u2019aggregazione e l\u2019accesso al sapere. Vogliamo spazi di aggregazione individuando luoghi nei quali favorire il coinvolgimento e la partecipazione dei giovani in iniziative culturali, sociali e sportive stimolandoli ad una partecipazione attiva alla vita della citt\u00e0. Vogliamo predisporre gli adolescenti a progetti educativi e di prevenzione (bullismo, dipendenze, problematiche alimentari, ecc..) E\u2019 necessario progettare un tipo di Welfare scolastico, che garantisca sconti ed entrate gratuite al cinema, alle librerie, alle biblioteche e ai teatri. Dobbiamo v<\/em><em>alorizzare e promuovere il volontariato giovanile e il servizio civile. &gt;&gt;<\/em><\/p>\n<div>Conclude cos\u00ec Nicola Becce: &lt;&lt;<em> Amore per la nostra citt\u00e0. Basterebbe questo per ovviare a tanti problemi e disagi che ci affliggono. Forse dovremmo partire dal nostro orgoglio potentino per poter trovare maggiore motivazione, impegno civico, collaborazione e solidariet\u00e0. Forse \u00e8 questa l\u2019opera, la sfida pi\u00f9 importante su cui occorre lavorare nei prossimi anni.&gt;&gt;<\/em><\/div>\n<div>\u00a0<\/div>\n","protected":false},"excerpt":{"rendered":"<p>Nicola Becce candidato alle comunali di Potenza 2014 continua a valutare e studiare le varie proposte, per far si che la nostra citt\u00e0 diventi migliore &#8230; <\/p>\n","protected":false},"author":1,"featured_media":0,"comment_status":"closed","ping_status":"closed","sticky":false,"template":"single-sidebar.php","format":"standard","meta":{"footnotes":""},"categories":[384],"tags":[],"class_list":["post-9270","post","type-post","status-publish","format-standard","hentry","category-c243-comunicati-stampa-dei-consiglieri-243"],"_links":{"self":[{"href":"https:\/\/archivio.comune.potenza.it\/index.php?rest_route=\/wp\/v2\/posts\/9270"}],"collection":[{"href":"https:\/\/archivio.comune.potenza.it\/index.php?rest_route=\/wp\/v2\/posts"}],"about":[{"href":"https:\/\/archivio.comune.potenza.it\/index.php?rest_route=\/wp\/v2\/types\/post"}],"author":[{"embeddable":true,"href":"https:\/\/archivio.comune.potenza.it\/index.php?rest_route=\/wp\/v2\/users\/1"}],"replies":[{"embeddable":true,"href":"https:\/\/archivio.comune.potenza.it\/index.php?rest_route=%2Fwp%2Fv2%2Fcomments&post=9270"}],"version-history":[{"count":0,"href":"https:\/\/archivio.comune.potenza.it\/index.php?rest_route=\/wp\/v2\/posts\/9270\/revisions"}],"wp:attachment":[{"href":"https:\/\/archivio.comune.potenza.it\/index.php?rest_route=%2Fwp%2Fv2%2Fmedia&parent=9270"}],"wp:term":[{"taxonomy":"category","embeddable":true,"href":"https:\/\/archivio.comune.potenza.it\/index.php?rest_route=%2Fwp%2Fv2%2Fcategories&post=9270"},{"taxonomy":"post_tag","embeddable":true,"href":"https:\/\/archivio.comune.potenza.it\/index.php?rest_route=%2Fwp%2Fv2%2Ftags&post=9270"}],"curies":[{"name":"wp","href":"https:\/\/api.w.org\/{rel}","templated":true}]}}