{"id":9283,"date":"2014-04-15T13:23:40","date_gmt":"2014-04-15T11:23:40","guid":{"rendered":"http:\/\/archivio.comune.potenza.it\/comune_wp\/?p=9283"},"modified":"2014-04-15T13:23:40","modified_gmt":"2014-04-15T11:23:40","slug":"gianpaolo-carretta-partito-democratico-valutazioni-su-prossime-amministrative","status":"publish","type":"post","link":"https:\/\/archivio.comune.potenza.it\/?p=9283","title":{"rendered":"Gianpaolo Carretta (Partito Democratico): Valutazioni su prossime Amministrative"},"content":{"rendered":"<p>Bisogna prendere atto che sul piano politico, domenica si celebreranno le primarie di liste prevalentemente\u00a0 civiche, prive di una storia politico-culturale riconducibile ai grandi filoni storici della politica italiana, che vedranno la partecipazione di esponenti politici, che si sono gi\u00e0 in passato candidati indifferentemente in pi\u00f9 partiti e in pi\u00f9 liste e addirittura in schieramenti sia di centro-destra, che di centro-sinistra.<\/p>\n<p>Quegli stessi candidati che, sotto il profilo amministrativo, sono stati protagonisti e attori della massa debitoria ereditata dalla attuale maggioranza politica e dall&#8217;Amministrazione comunale, che ha abbattuto il debito storico per circa 70 milioni di euro.<\/p>\n<p>Il vero dibattito politico che deve investire la citt\u00e0 di Potenza e la Regione \u00e8 il ruolo strategico del capoluogo, che non pu\u00f2 che essere quella di citt\u00e0 di servizi di alta qualit\u00e0.<\/p>\n<p>Sotto tale profilo la Regione deve riconoscere questo ruolo, non solo dal punto di vista concettuale e politico, ma soprattutto economico.<\/p>\n<p>La citt\u00e0 di Potenza offre servizi ad una comunit\u00e0 pi\u00f9 ampia di quella che rappresenta, ospitando ogni giorno\u00a0 decine di migliaia di persone, che determinano un costo oneroso in termini di rifiuti, servizi e trasporti ad esclusivo carico delle casse comunali e delle tasche dei cittadini.<\/p>\n<p>\u00c8 inutile alimentare sterili contrapposizioni tra Potenza e gli altri comuni, in considerazioni tutte ancorate ad una retroguardia culturale e politica, che nel 2014 hanno una valenza del tutto marginale.<\/p>\n<p>Potenza ha bisogno di una legge speciale che garantisca il ruolo e le funzioni, il resto \u00e8 propaganda anacronistica e di basso profilo contro il capoluogo.<\/p>\n<p>Il centro-sinistra, che \u00e8 meramente aperto al principio di inclusione e partecipazione alla societ\u00e0 civile candida infatti un esponente del mondo delle professioni, dimostrando che le ansie politiche appartengono ad altri.<\/p>\n<p>Siamo contenti di questa scelta, che Potenza comprender\u00e0 anche da un punto di vista programmatico, visto che porteremo a termine e realizzeremo tutto quello che di positivo \u00e8 stato finora fatto, e aprendo contestualmente una pagina nuova, dal punto di vista politico-amministrativo, che guarder\u00e0 al futuro.<\/p>\n<p>I potentini valuteranno persone, programmi e progetti e le storie di ognuno di noi, e le differenze saranno un valore aggiunto, grazie a quel senso di chiarezza che siamo in grado di offrire ad una comunit\u00e0 che deve scegliere il suo futuro.<\/p>\n","protected":false},"excerpt":{"rendered":"<p>Bisogna prendere atto che sul piano politico, domenica si celebreranno le primarie di liste prevalentemente\u00a0 civiche, prive di una storia politico-culturale riconducibile ai grandi filoni &#8230; <\/p>\n","protected":false},"author":1,"featured_media":0,"comment_status":"closed","ping_status":"closed","sticky":false,"template":"single-sidebar.php","format":"standard","meta":{"footnotes":""},"categories":[384],"tags":[],"class_list":["post-9283","post","type-post","status-publish","format-standard","hentry","category-c243-comunicati-stampa-dei-consiglieri-243"],"_links":{"self":[{"href":"https:\/\/archivio.comune.potenza.it\/index.php?rest_route=\/wp\/v2\/posts\/9283"}],"collection":[{"href":"https:\/\/archivio.comune.potenza.it\/index.php?rest_route=\/wp\/v2\/posts"}],"about":[{"href":"https:\/\/archivio.comune.potenza.it\/index.php?rest_route=\/wp\/v2\/types\/post"}],"author":[{"embeddable":true,"href":"https:\/\/archivio.comune.potenza.it\/index.php?rest_route=\/wp\/v2\/users\/1"}],"replies":[{"embeddable":true,"href":"https:\/\/archivio.comune.potenza.it\/index.php?rest_route=%2Fwp%2Fv2%2Fcomments&post=9283"}],"version-history":[{"count":0,"href":"https:\/\/archivio.comune.potenza.it\/index.php?rest_route=\/wp\/v2\/posts\/9283\/revisions"}],"wp:attachment":[{"href":"https:\/\/archivio.comune.potenza.it\/index.php?rest_route=%2Fwp%2Fv2%2Fmedia&parent=9283"}],"wp:term":[{"taxonomy":"category","embeddable":true,"href":"https:\/\/archivio.comune.potenza.it\/index.php?rest_route=%2Fwp%2Fv2%2Fcategories&post=9283"},{"taxonomy":"post_tag","embeddable":true,"href":"https:\/\/archivio.comune.potenza.it\/index.php?rest_route=%2Fwp%2Fv2%2Ftags&post=9283"}],"curies":[{"name":"wp","href":"https:\/\/api.w.org\/{rel}","templated":true}]}}