{"id":9319,"date":"2014-04-28T13:32:05","date_gmt":"2014-04-28T11:32:05","guid":{"rendered":"http:\/\/archivio.comune.potenza.it\/comune_wp\/?p=9319"},"modified":"2014-04-28T13:32:05","modified_gmt":"2014-04-28T11:32:05","slug":"gianpaolo-carretta-partito-democratico-approvazione-legge-di-stabilita-regionale","status":"publish","type":"post","link":"https:\/\/archivio.comune.potenza.it\/?p=9319","title":{"rendered":"Gianpaolo Carretta (Partito Democratico): Approvazione Legge di stabilit\u00e0 regionale"},"content":{"rendered":"<p>Con l&#8217;approvazione della legge di stabilit\u00e0 regionale, che prevede una manovra finanziaria pari a circa 3 miliardi e 700 milioni di euro per il periodo 2014\/2016, si \u00e8 finalmente preso atto della necessit\u00e0 di investire in misure di sostegno al sistema sanitario regionale e al welfare, allo sviluppo delle infrastrutture e delle imprese, alla valorizzazione del turismo, dei beni e delle attivit\u00e0 culturali, ai trasporti e alla viabilit\u00e0 e alla qualificazione dell&#8217;istruzione scolastica, superiore e universitaria, anche attraverso fondi destinati all&#8217;edilizia.<\/p>\n<p>Per quanto riguarda la citt\u00e0 di Potenza, la Regione ha compreso il suo ruolo strategico, che non pu\u00f2 che essere quello di citt\u00e0 di servizi di alta qualit\u00e0, riconoscendole questo ruolo, non solo dal punto di vista concettuale e politico, ma soprattutto economico, attraverso il Fondo di coesione territoriale e dei diritti di cittadinanza, concedendole 9 milioni di euro in due anni, per farle assolvere tali funzioni.<\/p>\n<p>Tale Fondo viene istituito al fine di promuovere la gestione associata di funzioni, rafforzando il mantenimento, nonch\u00e9 il miglioramento dei servizi resi dai Comuni della Basilicata al cittadino e sostenendo i Comuni che, quali sedi di uffici ed enti pubblici nazionali, svolgono funzioni sovracomunali nei comparti della sanit\u00e0 e della giustizia.<\/p>\n<p>La citt\u00e0 di Potenza, infatti, offre servizi ad una comunit\u00e0 pi\u00f9 ampia di quella che rappresenta, ospitando ogni giorno decine di migliaia di persone, che determinano un costo oneroso in termini di rifiuti, servizi e trasporti ad esclusivo carico delle casse comunali e delle tasche dei cittadini.<\/p>\n<p>In questo modo, \u00e8 auspicabile che la prossima Amministrazione comunale possa procedere con il completamento infrastrutturale e con lo sviluppo socio-economico della citt\u00e0 di Potenza, pur dovendo continuare a sostenere la rata annuale di 12 milioni di euro rinveniente dalla massa debitoria ereditata e che l&#8217;attuale maggioranza politica e Amministrazione comunale, ha gi\u00e0 abbattuto per circa 70 milioni di euro.<\/p>\n<p>\u00c8 a tal proposito che va ribadito l\u2019incisivo lavoro fatto dalla maggioranza di centro-sinistra e dal Gruppo del Partito Democratico alla Regione, particolarmente nel suo Capogruppo Cifarelli e nel suo Consigliere Santarsiero, Sindaco uscente al Comune di Potenza, che hanno contribuito in maniera significativa all\u2019approvazione di una manovra che porter\u00e0 all\u2019innalzamento della qualit\u00e0 della vita dei lucani e che hanno sostenuto con forza l\u2019emendamento alla legge di stabilit\u00e0, consentendo in tal modo l\u2019istituzione di un fondo atto a migliorare la condizione di Potenza, Citt\u00e0 Comprensorio.<\/p>\n<p>\u00a0<\/p>\n","protected":false},"excerpt":{"rendered":"<p>Con l&#8217;approvazione della legge di stabilit\u00e0 regionale, che prevede una manovra finanziaria pari a circa 3 miliardi e 700 milioni di euro per il periodo &#8230; <\/p>\n","protected":false},"author":1,"featured_media":0,"comment_status":"closed","ping_status":"closed","sticky":false,"template":"single-sidebar.php","format":"standard","meta":{"footnotes":""},"categories":[384],"tags":[],"class_list":["post-9319","post","type-post","status-publish","format-standard","hentry","category-c243-comunicati-stampa-dei-consiglieri-243"],"_links":{"self":[{"href":"https:\/\/archivio.comune.potenza.it\/index.php?rest_route=\/wp\/v2\/posts\/9319"}],"collection":[{"href":"https:\/\/archivio.comune.potenza.it\/index.php?rest_route=\/wp\/v2\/posts"}],"about":[{"href":"https:\/\/archivio.comune.potenza.it\/index.php?rest_route=\/wp\/v2\/types\/post"}],"author":[{"embeddable":true,"href":"https:\/\/archivio.comune.potenza.it\/index.php?rest_route=\/wp\/v2\/users\/1"}],"replies":[{"embeddable":true,"href":"https:\/\/archivio.comune.potenza.it\/index.php?rest_route=%2Fwp%2Fv2%2Fcomments&post=9319"}],"version-history":[{"count":0,"href":"https:\/\/archivio.comune.potenza.it\/index.php?rest_route=\/wp\/v2\/posts\/9319\/revisions"}],"wp:attachment":[{"href":"https:\/\/archivio.comune.potenza.it\/index.php?rest_route=%2Fwp%2Fv2%2Fmedia&parent=9319"}],"wp:term":[{"taxonomy":"category","embeddable":true,"href":"https:\/\/archivio.comune.potenza.it\/index.php?rest_route=%2Fwp%2Fv2%2Fcategories&post=9319"},{"taxonomy":"post_tag","embeddable":true,"href":"https:\/\/archivio.comune.potenza.it\/index.php?rest_route=%2Fwp%2Fv2%2Ftags&post=9319"}],"curies":[{"name":"wp","href":"https:\/\/api.w.org\/{rel}","templated":true}]}}