{"id":9320,"date":"2014-04-28T13:33:26","date_gmt":"2014-04-28T11:33:26","guid":{"rendered":"http:\/\/archivio.comune.potenza.it\/comune_wp\/?p=9320"},"modified":"2014-04-28T13:33:26","modified_gmt":"2014-04-28T11:33:26","slug":"salvatore-lacerra-mal-mpa-una-speranza-da-sostenere","status":"publish","type":"post","link":"https:\/\/archivio.comune.potenza.it\/?p=9320","title":{"rendered":"Salvatore Lacerra (MAL-MPA): Una speranza da sostenere"},"content":{"rendered":"<p>L\u2019avvicinarsi\u00a0 delle prossime amministrative rende indispensabile un\u2019analisi del mio impegno come Consigliere Comunale.<\/p>\n<p>Da Candidato Sindaco di due liste (una Autonoma ed una Civica),\u00a0 ho ricevuto mandato di fare opposizione ad una amministrazione che oggi ha chiuso il suo ciclo amministrativo. Penso di avere svolto il mio compito con impegno e sacrifico. Ho sempre detto la mia sulle diverse questioni,\u00a0 non c\u2019\u00e8 stato Consiglio Comunale che non mi ha visto intervenire, ho fatto proposte sui diversi argomenti (PISUS, ACTA, TRASPORTI, PERSONALE, ZTL, CENTRO STORICO, CONTENITORI VUOTI, RIFIUTI), ho richiesto, insieme ad altri Consiglieri, ben 17 Consigli Comunali aperti su diversi temi (disagio sociale, Ospedale San Carlo, Universit\u00e0, Rifiuti, Trasporti, Centro Storico, Provincia Unica, Cultura, vendita Tribunale, Piano Strutturale Metropolitano,\u00a0 ecc.) e prevalentemente ho svolto la relazione introduttiva analizzando le questioni e indicando le possibili soluzioni. Ho svolto la prolusione per i 150 anni dell\u2019Unit\u00e0 d\u2019Italia, ho rappresentato il Comune di Potenza in un incontro presso l\u2019Ambasciata Inglese, ho proposto alcune mozioni votate all\u2019unanimit\u00e0 dal Consiglio Comunale tra cui quella sul riconoscimento dello Stabile quale Teatro Storico Monumentale e quella per la permanenza della Direzione APT e l\u2019insediamento della Basilicata Music Commission a Potenza. Ho\u00a0 proposto molte interrogazioni, svolto il ruolo di Vice Presidente del Consiglio Comunale e responsabile della Commissione Statuto.<\/p>\n<p>Ho scritto molto e su tanti temi, ho cercato in questo modo di comunicare le cose che facevo e come la pensavo sulle diverse questioni. Ho censurato l\u2019affidamento diretto degli appalti e insistito per la trasparenza , contro la ZTL, contro l\u2019aumento dei costi di un piano del trasporto mai approvato, contro la vendita del Tribunale di Potenza, per la valorizzazione delle aree verdi e del chiosco di Montereale.<\/p>\n<p>Mi pare di uscirne vincitore. Si conclude un ciclo amministrativo con un giudizio unanime: bisogna cambiare! La vendita del Tribunale \u00e8 stata scongiurata, la ZTL tutti dicono di volerla abolire, il nuovo piano del Trasporto non \u00e8 stato approvato dal Consiglio Comunale (prevede un aumento di spesa di circa 3 ml\/\u20ac), le questioni affrontate nei diversi Consigli Comunali aperti sono al centro degli impegni dei futuri amministratori. Non vi \u00e8 stata successione diretta nell\u2019amministrazione ma \u00e8 stato individuato un candidato estraneo alla politica, ad un partito, candidato di altissimo profilo umano, professionale, morale.<\/p>\n<p>Per me \u00e8 venuta l\u2019ora della scelta. Il mio movimento non esiste pi\u00f9: resta valida la felice intuizione autonomista che continuer\u00f2 a sostenere.<\/p>\n<p>Continuare nell\u2019impegno o ritirarmi? Penso sia giusto continuare: conosco i problemi, le questioni aperte ed ho dei progetti per la Citt\u00e0, per questo richiedo la vostra fiducia.<\/p>\n<p>Oggi, per me che sono un moderato vi sono diverse possibili opzioni. Non essendoci un candidato del centro, la scelta \u00e8 tra un centro sinistra ed un centro destra, altre scelte non appartengono alla mia storia ed alla mia visione. Con piacere registro che un solo candidato \u00e8 un politico di professione e con precedenti esperienze, gli altri sono nomi nuovi e che hanno vissuto del proprio e non di politica. Finalmente la Citt\u00e0 e le professioni hanno capito che la politica non \u00e8 da sola in grado di dare un futuro alla comunit\u00e0, che bisogna farsi carico della questione ed insieme trovare soluzioni. Non mi dilungo in altre vicende, quelle di un centro destra che da decenni non \u00e8 preparato alla gara e che questa volta \u00e8 ancora pi\u00f9 frammentato e\u00a0 diviso.<\/p>\n<p>Io ho scelto, ho scelto Luigi Petrone! L\u2019ho scelto perch\u00e9 lo conosco e lo stimo; l \u2019ho scelto perch\u00e9 voglio bene alla mia Citt\u00e0; l\u2019ho scelto perch\u00e9 Luigi \u00e8 uomo che conosce la Citt\u00e0 e la sua storia; l\u2019ho scelto perch\u00e9 Luigi \u00e8 mite ma ostinato nel perseguire gli obiettivi che si \u00e8 prefissati; l\u2019ho scelto perch\u00e9 conosce\u00a0 principi e tecniche dell\u2019amministrazione; l\u2019ho scelto perch\u00e9 \u00e8 persona capace d\u2019includere e non solitaria; l\u2019ho scelto perch\u00e9 non vive di politica;\u00a0 l\u2019ho scelto perch\u00e9 nonostante il carattere schivo ha sentito la responsabilit\u00e0 di una chiamata; l\u2019ho scelto perch\u00e9 sono consapevole che la testimonianza\u00a0 deve abbracciare un progetto condiviso; l\u2019ho scelto perch\u00e9 sono libero di scegliere; l\u2019ho scelto perch\u00e9 risponde prima alla sua coscienza poi alla ragion politica; l\u2019ho scelto perch\u00e9 condivido l\u2019opinione di un amico che indica in Luigi Petrone \u201cuna speranza da sostenere\u201d.<\/p>\n<p>Spero che anche tu voglia condividere la mia scelta!<\/p>\n<p>Insieme si cambia!!!!!!!!!<\/p>\n","protected":false},"excerpt":{"rendered":"<p>L\u2019avvicinarsi\u00a0 delle prossime amministrative rende indispensabile un\u2019analisi del mio impegno come Consigliere Comunale. Da Candidato Sindaco di due liste (una Autonoma ed una Civica),\u00a0 ho &#8230; <\/p>\n","protected":false},"author":1,"featured_media":0,"comment_status":"closed","ping_status":"closed","sticky":false,"template":"single-sidebar.php","format":"standard","meta":{"footnotes":""},"categories":[384],"tags":[],"class_list":["post-9320","post","type-post","status-publish","format-standard","hentry","category-c243-comunicati-stampa-dei-consiglieri-243"],"_links":{"self":[{"href":"https:\/\/archivio.comune.potenza.it\/index.php?rest_route=\/wp\/v2\/posts\/9320"}],"collection":[{"href":"https:\/\/archivio.comune.potenza.it\/index.php?rest_route=\/wp\/v2\/posts"}],"about":[{"href":"https:\/\/archivio.comune.potenza.it\/index.php?rest_route=\/wp\/v2\/types\/post"}],"author":[{"embeddable":true,"href":"https:\/\/archivio.comune.potenza.it\/index.php?rest_route=\/wp\/v2\/users\/1"}],"replies":[{"embeddable":true,"href":"https:\/\/archivio.comune.potenza.it\/index.php?rest_route=%2Fwp%2Fv2%2Fcomments&post=9320"}],"version-history":[{"count":0,"href":"https:\/\/archivio.comune.potenza.it\/index.php?rest_route=\/wp\/v2\/posts\/9320\/revisions"}],"wp:attachment":[{"href":"https:\/\/archivio.comune.potenza.it\/index.php?rest_route=%2Fwp%2Fv2%2Fmedia&parent=9320"}],"wp:term":[{"taxonomy":"category","embeddable":true,"href":"https:\/\/archivio.comune.potenza.it\/index.php?rest_route=%2Fwp%2Fv2%2Fcategories&post=9320"},{"taxonomy":"post_tag","embeddable":true,"href":"https:\/\/archivio.comune.potenza.it\/index.php?rest_route=%2Fwp%2Fv2%2Ftags&post=9320"}],"curies":[{"name":"wp","href":"https:\/\/api.w.org\/{rel}","templated":true}]}}