{"id":9503,"date":"2014-06-30T09:31:14","date_gmt":"2014-06-30T07:31:14","guid":{"rendered":"http:\/\/archivio.comune.potenza.it\/comune_wp\/?p=9503"},"modified":"2014-06-30T09:31:14","modified_gmt":"2014-06-30T07:31:14","slug":"gerardo-nardiello-partito-democratico-e-gianluca-meccariello-lista-petrone-sindaco-indiscrezioni-su-giunta-de-luca","status":"publish","type":"post","link":"https:\/\/archivio.comune.potenza.it\/?p=9503","title":{"rendered":"Gerardo Nardiello (Partito Democratico) e Gianluca Meccariello (Petrone Sindaco): Indiscrezioni su Giunta De Luca"},"content":{"rendered":"<p>&#8220;A poche ore dalla presentazione della Giunta comunale di Potenza da parte del sindaco De Luca, trapelano preoccupanti indiscrezioni sugli organi di stampa circa la composizione della stessa, con la presenza di personalit\u00e0 dal chiaro profilo politico: scelta tecnicamente legittima ma decisamente inopportuna da un punto di vista politico&#8221;.<\/p>\n<div><span style=\"line-height: 1.3em;\">Lo affermano, in una nota congiunta, i consiglieri comunali neo eletti Gerardo Nardiello del Partito Democratico e Gianluca Meccariello della Lista Petrone Sindaco.<\/span><\/div>\n<div>&#8220;Tutti coloro i quali hanno avuto la fortuna, il merito e l\u2019onore di essere eletti quali membri del Consiglio comunale di Potenza hanno a cuore il bene della citt\u00e0 e questo \u00e8 un punto iniziale di qualsiasi ragionamento, dal quale si deve partire in ogni occasione, sia essa di semplice riflessione o di azione politica, in tutte le sedi in cui qualsiasi consigliere si trova ad esercitare la sua funzione.<\/p>\n<p>Ma non va dimenticata, al contempo, la composizione stessa del Consiglio, con una maggioranza che non \u00e8 quella rappresentata dalle forze politiche che hanno sostenuto il sindaco De Luca nella sua vittoriosa competizione elettorale.<\/p>\n<p>Questo imporrebbe -continuano- \u00a0una presa di coscienza della situazione nella quale tutti gli amministratori attuali della citt\u00e0 si trovano ad operare, in primis da parte del neo eletto Sindaco (non sfugge a nessuno la sua improvvida offerta all\u2019opposizione maggioritaria dello scranno della Presidenza del Consiglio comunale, offerta alquanto singolare se si considera che tale carica \u00e8 assegnata con un voto dell\u2019intero Consiglio di cui il Sindaco detiene una minoranza numerica chiara).<\/p>\n<p>Per tale ragione -concludono Nardiello e Meccariello- sarebbe utile che il primo importante atto del sindaco De Luca fosse guidato dalla saggezza e dalla lucidit\u00e0 necessarie a fare in modo che l\u2019azione della giunta possa essere oggetto di valutazione serena da parte del Consiglio, evitando di porre in essere delle condizioni che vedrebbero molti componenti del Consiglio stesso impossibilitati a dare il proprio contributo costruttivo per il bene della citt\u00e0 e dei suoi abitanti, ancor pi\u00f9 se si considera che il lavoro del nuovo Consiglio comunale vedr\u00e0 come oggetto, gi\u00e0 dai primi giorni, importantissime decisioni su provvedimenti decisivi per la vita amministrativa della nostra citt\u00e0&#8221;. <\/p>\n<div>\u00a0<\/div>\n<\/p><\/div>\n","protected":false},"excerpt":{"rendered":"<p>&#8220;A poche ore dalla presentazione della Giunta comunale di Potenza da parte del sindaco De Luca, trapelano preoccupanti indiscrezioni sugli organi di stampa circa la &#8230; <\/p>\n","protected":false},"author":1,"featured_media":0,"comment_status":"closed","ping_status":"closed","sticky":false,"template":"single-sidebar.php","format":"standard","meta":{"footnotes":""},"categories":[384],"tags":[],"class_list":["post-9503","post","type-post","status-publish","format-standard","hentry","category-c243-comunicati-stampa-dei-consiglieri-243"],"_links":{"self":[{"href":"https:\/\/archivio.comune.potenza.it\/index.php?rest_route=\/wp\/v2\/posts\/9503"}],"collection":[{"href":"https:\/\/archivio.comune.potenza.it\/index.php?rest_route=\/wp\/v2\/posts"}],"about":[{"href":"https:\/\/archivio.comune.potenza.it\/index.php?rest_route=\/wp\/v2\/types\/post"}],"author":[{"embeddable":true,"href":"https:\/\/archivio.comune.potenza.it\/index.php?rest_route=\/wp\/v2\/users\/1"}],"replies":[{"embeddable":true,"href":"https:\/\/archivio.comune.potenza.it\/index.php?rest_route=%2Fwp%2Fv2%2Fcomments&post=9503"}],"version-history":[{"count":0,"href":"https:\/\/archivio.comune.potenza.it\/index.php?rest_route=\/wp\/v2\/posts\/9503\/revisions"}],"wp:attachment":[{"href":"https:\/\/archivio.comune.potenza.it\/index.php?rest_route=%2Fwp%2Fv2%2Fmedia&parent=9503"}],"wp:term":[{"taxonomy":"category","embeddable":true,"href":"https:\/\/archivio.comune.potenza.it\/index.php?rest_route=%2Fwp%2Fv2%2Fcategories&post=9503"},{"taxonomy":"post_tag","embeddable":true,"href":"https:\/\/archivio.comune.potenza.it\/index.php?rest_route=%2Fwp%2Fv2%2Ftags&post=9503"}],"curies":[{"name":"wp","href":"https:\/\/api.w.org\/{rel}","templated":true}]}}