{"id":9515,"date":"2014-07-01T17:02:46","date_gmt":"2014-07-01T15:02:46","guid":{"rendered":"http:\/\/archivio.comune.potenza.it\/comune_wp\/?p=9515"},"modified":"2014-07-01T17:02:46","modified_gmt":"2014-07-01T15:02:46","slug":"carretta-partito-democratico-su-giunta-de-luca","status":"publish","type":"post","link":"https:\/\/archivio.comune.potenza.it\/?p=9515","title":{"rendered":"Carretta (Partito Democratico) su Giunta De Luca"},"content":{"rendered":"<p style=\"text-align: justify;\">Apprendiamo con evidente stupore la formazione della nuova Giunta comunale, nominata dal neo-Sindaco di Potenza De Luca, che non \u00e8 in linea con nessuno dei criteri politici, formali, di merito, di opportunit\u00e0 e di buon senso che erano stati da lui declinati in campagna elettorale.<span style=\"line-height: 1.3em;\">E\u2019 sorprendente come, con il suo primo atto politico-amministrativo, sia incorso \u201cin quei comportamenti\u201dche tanto aveva criticato, attribuendoli ad una gestione negativa del centro-sinistra; le sue promesse non mantenute e purtroppo le sue contraddizioni, rappresentano il primo danno significativo sotto il profilo politico-amministrativo per la citt\u00e0.<\/span><span style=\"line-height: 1.3em;\">Una Giunta molto caratterizzata politicamente, con evidenti presenze di esponenti provenienti dalla destra estrema della citt\u00e0 e della provincia di Potenza, che hanno gi\u00e0 militato nel MSI, in Alleanza Nazionale ed in Fratelli D\u2019Italia.<\/span><span style=\"line-height: 1.3em;\">Siamo rammaricati che De Luca non abbia provveduto a nominare una giunta puramente di tecnici di alto profilo ed abbia invece assecondato le spinte provenienti dalle forze politiche di destra che lo hanno appoggiato e che sembrano tradire da subito un\u2019ansia di potere e di occupazione della cosa pubblica, che mal si concilia con la realizzazione del bene comune, in un contesto chiaro ove vi \u00e8 un Sindaco di destra ed una maggioranza consiliare di centro-sinistra, cos\u00ec come voluto dal corpo elettorale.<\/span><span style=\"line-height: 1.3em;\">Siamo dispiaciuti che De Luca abbia pi\u00f9 volte declamato come gravi i problemi che investono Potenza, a partire da quello economico ed oggi in spregio ai criteri di spending review e di razionalizzazione della spesa, abbia proceduto alla nomina di ben nove assessori, senza un riaccorpamento razionale delle deleghe e pagando indennit\u00e0 che graveranno sul bilancio e che potevano essere utilizzate per la solidariet\u00e0, per la sussidiariet\u00e0 e per i servizi sociali.<\/span><span style=\"line-height: 1.3em;\">Il centro-sinistra ha in questi dieci anni realizzato un progetto etico prima che politico, quello di iniziare una poderosa azione di risanamento dei conti pubblici, abbattendo il debito storico del Comune di Potenza per oltre 70 milioni di euro, drenando altres\u00ec risorse dalla Comunit\u00e0 Europea e dal Governo nazionale per il completamento infrastrutturale della citt\u00e0, assicurando in un contesto mondiale di crisi economica i servizi essenziali alla citt\u00e0, nonostante i tagli avuti dal Governo nel comparto Enti Locali.<\/span><span style=\"line-height: 1.3em;\">Ci dispiace che tante buone intenzioni declamate in campagna elettorale, tali sono rimaste e i primi atti smentiscono in modo clamoroso gli impegni assunti, con la nomina di una Giunta sovrabbondante, che non rappresenta n\u00e9 il Consiglio Comunale, n\u00e9 la Citt\u00e0.<\/span><span style=\"line-height: 1.3em;\">De Luca gi\u00e0 dal ballottaggio era consapevole che, se avesse vinto, sarebbe stato un Sindaco senza maggioranza politica e consiliare ed era cosciente dei significativi problemi economici in cui versa il Comune e che avrebbe dovuto affrontare.<\/span><span style=\"line-height: 1.3em;\">La campagna elettorale \u00e8 finita, adesso con coraggio e trasparenza si assuma la responsabilit\u00e0 delle proprie azioni amministrative, lui \u00e8 il Sindaco ed esca da un vittimismo gi\u00e0 annunciato e, secondo il principio della continuit\u00e0 amministrativa, governi la Citt\u00e0, per il bene della nostra comunit\u00e0.<\/span><span style=\"line-height: 1.3em;\">La maggioranza di Centro-Sinistra sicuramente non far\u00e0 mancare il suo sostegno solo per i provvedimenti che si riterranno utili e strategici per il bene di Potenza.<\/span><span style=\"line-height: 1.3em;\">Purtroppo le premesse sono oggettivamente negative e siamo preoccupati per il bene della Citt\u00e0.<\/span><span style=\"line-height: 1.3em;\">\u00a0<\/span><\/p>\n<p style=\"text-align: justify;\">Avv. Gianpaolo Carretta<\/p>\n<p style=\"text-align: justify;\">Consigliere Comunale Partito Democratico di Potenza<\/p>\n","protected":false},"excerpt":{"rendered":"<p>Apprendiamo con evidente stupore la formazione della nuova Giunta comunale, nominata dal neo-Sindaco di Potenza De Luca, che non \u00e8 in linea con nessuno dei &#8230; <\/p>\n","protected":false},"author":1,"featured_media":0,"comment_status":"closed","ping_status":"closed","sticky":false,"template":"single-sidebar.php","format":"standard","meta":{"footnotes":""},"categories":[384],"tags":[],"class_list":["post-9515","post","type-post","status-publish","format-standard","hentry","category-c243-comunicati-stampa-dei-consiglieri-243"],"_links":{"self":[{"href":"https:\/\/archivio.comune.potenza.it\/index.php?rest_route=\/wp\/v2\/posts\/9515"}],"collection":[{"href":"https:\/\/archivio.comune.potenza.it\/index.php?rest_route=\/wp\/v2\/posts"}],"about":[{"href":"https:\/\/archivio.comune.potenza.it\/index.php?rest_route=\/wp\/v2\/types\/post"}],"author":[{"embeddable":true,"href":"https:\/\/archivio.comune.potenza.it\/index.php?rest_route=\/wp\/v2\/users\/1"}],"replies":[{"embeddable":true,"href":"https:\/\/archivio.comune.potenza.it\/index.php?rest_route=%2Fwp%2Fv2%2Fcomments&post=9515"}],"version-history":[{"count":0,"href":"https:\/\/archivio.comune.potenza.it\/index.php?rest_route=\/wp\/v2\/posts\/9515\/revisions"}],"wp:attachment":[{"href":"https:\/\/archivio.comune.potenza.it\/index.php?rest_route=%2Fwp%2Fv2%2Fmedia&parent=9515"}],"wp:term":[{"taxonomy":"category","embeddable":true,"href":"https:\/\/archivio.comune.potenza.it\/index.php?rest_route=%2Fwp%2Fv2%2Fcategories&post=9515"},{"taxonomy":"post_tag","embeddable":true,"href":"https:\/\/archivio.comune.potenza.it\/index.php?rest_route=%2Fwp%2Fv2%2Ftags&post=9515"}],"curies":[{"name":"wp","href":"https:\/\/api.w.org\/{rel}","templated":true}]}}