{"id":9517,"date":"2014-07-02T07:35:51","date_gmt":"2014-07-02T05:35:51","guid":{"rendered":"http:\/\/archivio.comune.potenza.it\/comune_wp\/?p=9517"},"modified":"2014-07-02T07:35:51","modified_gmt":"2014-07-02T05:35:51","slug":"pietro-campagna-centro-democratico-a-proposito-di-blitz-degli-sconfitti","status":"publish","type":"post","link":"https:\/\/archivio.comune.potenza.it\/?p=9517","title":{"rendered":"Pietro Campagna (Centro Democratico): A proposito di &#8220;blitz degli sconfitti&#8221;"},"content":{"rendered":"<p>Scrive Leo Amato sul &#8220;Quotidiano&#8221; di oggi che Dario De Luca avrebbe addirittura nominato &#8220;un coordinatore per iniziare a rovistare nei cassetti&#8221; per &#8220;passare al setaccio determine e documenti per fotografare in maniera quanto pi\u00f9 realistica lo stato dei fatti, anche a costo di\u00a0 rovistare negli armadi e nei cassetti dei vari uffici&#8221;.<br \/>Senza voler entrare nel merito delle singole questioni poste, che rientrano tutte nel novero della pi\u00f9 banale &#8220;continuit\u00e0 amministrativa&#8221; e nella diretta assunzione di responsabilit\u00e0 proprie dell&#8217;Amministrazione uscente, quello che pi\u00f9 mi sconcerta e&#8217; il fatto che un nuovo dirigente (un altro!!!!!), appena nominato, sia stato incaricato di rovistare nei &#8220;cassetti&#8221;, perch\u00e9, al termine del mio incarico di Sindaco facente funzioni della Citt\u00e0, non mi risulta di aver riposto nulla nei cassetti (che non ho, peraltro, mai utilizzato), ma di aver lasciato al nuovo Sindaco, in bella evidenza, sulla scrivania, tutte le spinose questioni affrontate e fronteggiate in due mesi di governo della Citt\u00e0 in piena e continua emergenza.<br \/>La responsabilit\u00e0 del ruolo, alla quale non mi sono mai sottratto, mi ha infatti indotto ad operare sempre, al meglio delle mie capacit\u00e0, nell&#8217;esclusivo interesse della Citt\u00e0 ed \u00e8 a quell&#8217;alto senso di responsabilit\u00e0 che sono certamente ascrivibili anche gli atti adottati nell&#8217;ultima Giunta comunale e da me opportunamente pubblicizzati addirittura attraverso un apposito comunicato stampa e non certamente chiusi in un &#8220;cassetto&#8221;.<br \/>O qualcuno avrebbe per caso preferito che, dopo l&#8217;esito del ballottaggio, per il sol fatto che eravamo stati &#8220;sconfitti&#8221;, ci\u00a0 disinteressassimo completamente della Citt\u00e0 per lasciare al Sindaco, democraticamente eletto\u00a0 dal popolo, il trasporto pubblico fermo, alti cumuli di spazzatura e tante altre questioni e situazioni allo sbando, a partire dalle casse comunali, che, senza una pressante azione nei confronti degli uffici regionali, non avrebbero nemmeno consentito di far fronte al pagamento degli stipendi, figuriamoci tutto il resto????<br \/>Io certamente no!!!!!! Ho ritenuto di dover continuare fino all&#8217;ultimo minuto ad amministrare la cosa pubblica, a dispetto di tutte quelle gravi difficolt\u00e0 di sistema ben note a tutti, nessuno escluso.<br \/>In tutta sincerit\u00e0, non conosco e non mi appartengono altri modelli etici e comportamentali e rifarei esattamente le stesse cose, se possibile anche con maggiore convinzione. <br \/>Se questo alto senso di responsabilit\u00e0 viene, per\u00f2, ora\u00a0 guardato con tanto sospetto da richiedere la nomina di un &#8220;coordinatore&#8221; (di che???) perch\u00e9 rovisti nei &#8220;cassetti&#8221;, allora vuol dire che abbiamo un diverso retroterra culturale, un diverso concetto e rispetto delle Istituzioni ed un\u00a0 diverso modo di interpretare l&#8217;amministrazione della cosa pubblica e di fare gli interessi della Citt\u00e0.<br \/>Ma, siccome ho profonda stima personale di Dario De Luca, sono portato a pensare che quanto riportato dalla stampa sia pi\u00f9 frutto di una libera costruzione giornalistica che non il resoconto di atti ed intenzioni a Lui direttamente ascrivibili.<\/p>\n","protected":false},"excerpt":{"rendered":"<p>Scrive Leo Amato sul &#8220;Quotidiano&#8221; di oggi che Dario De Luca avrebbe addirittura nominato &#8220;un coordinatore per iniziare a rovistare nei cassetti&#8221; per &#8220;passare al &#8230; <\/p>\n","protected":false},"author":1,"featured_media":0,"comment_status":"closed","ping_status":"closed","sticky":false,"template":"single-sidebar.php","format":"standard","meta":{"footnotes":""},"categories":[384],"tags":[],"class_list":["post-9517","post","type-post","status-publish","format-standard","hentry","category-c243-comunicati-stampa-dei-consiglieri-243"],"_links":{"self":[{"href":"https:\/\/archivio.comune.potenza.it\/index.php?rest_route=\/wp\/v2\/posts\/9517"}],"collection":[{"href":"https:\/\/archivio.comune.potenza.it\/index.php?rest_route=\/wp\/v2\/posts"}],"about":[{"href":"https:\/\/archivio.comune.potenza.it\/index.php?rest_route=\/wp\/v2\/types\/post"}],"author":[{"embeddable":true,"href":"https:\/\/archivio.comune.potenza.it\/index.php?rest_route=\/wp\/v2\/users\/1"}],"replies":[{"embeddable":true,"href":"https:\/\/archivio.comune.potenza.it\/index.php?rest_route=%2Fwp%2Fv2%2Fcomments&post=9517"}],"version-history":[{"count":0,"href":"https:\/\/archivio.comune.potenza.it\/index.php?rest_route=\/wp\/v2\/posts\/9517\/revisions"}],"wp:attachment":[{"href":"https:\/\/archivio.comune.potenza.it\/index.php?rest_route=%2Fwp%2Fv2%2Fmedia&parent=9517"}],"wp:term":[{"taxonomy":"category","embeddable":true,"href":"https:\/\/archivio.comune.potenza.it\/index.php?rest_route=%2Fwp%2Fv2%2Fcategories&post=9517"},{"taxonomy":"post_tag","embeddable":true,"href":"https:\/\/archivio.comune.potenza.it\/index.php?rest_route=%2Fwp%2Fv2%2Ftags&post=9517"}],"curies":[{"name":"wp","href":"https:\/\/api.w.org\/{rel}","templated":true}]}}