{"id":9572,"date":"2014-07-15T10:59:25","date_gmt":"2014-07-15T08:59:25","guid":{"rendered":"http:\/\/archivio.comune.potenza.it\/comune_wp\/?p=9572"},"modified":"2014-07-15T10:59:25","modified_gmt":"2014-07-15T08:59:25","slug":"campagna-cd-a-proposito-della-giunta-de-luca","status":"publish","type":"post","link":"https:\/\/archivio.comune.potenza.it\/?p=9572","title":{"rendered":"Campagna (CD): a proposito della Giunta De Luca"},"content":{"rendered":"<p style=\"text-align: justify;\"><span>La prima seduta del nuovo Consiglio Comunale di marted\u00ec 8 luglio e&#8217; stata &#8220;celebrativa&#8221;, come sempre accade e come era scontato che fosse dato il profondo rinnovamento della rappresentanza consiliare (i 2\/3 dei consiglieri sono &#8220;nuovi&#8221;).<\/span><span style=\"line-height: 1.3em;\">Nelle prossime sedute, a partire da quella gi\u00e0 convocata per il 15 luglio, ci sar\u00e0 modo di eleggere Luigi Petrone a Presidente del Consiglio Comunale (dalla terza votazione saranno sufficienti i soli voti del Centro Sinistra) ma ci sar\u00e0 anche tempo per iniziare ad entrare nel vivo delle questioni, almeno sino a quando le forze di centro sinistra, quelle che detengono la maggioranza in Consiglio, non dovessero ritenere che i superiori interessi della Citt\u00e0 impongano soluzioni diverse.<\/span><span style=\"line-height: 1.3em;\">Gi\u00e0 perch\u00e9 (forse non \u00e8 ancora chiaro a tutti) la maggioranza dei consiglieri eletti e&#8217; di segno opposto al Sindaco De Luca ed alla sua Giunta; certo, i rapporti di forza che si sarebbero venuti a determinare all&#8217;interno del Consiglio Comunale erano sostanzialmente gi\u00e0 noti dopo il primo turno elettorale del 25 maggio e gli elettori avrebbero fatto bene a tenere presente questa circostanza quando sono entrati nella cabina elettorale per il turno di ballottaggio dell&#8217;8 giugno (per la verit\u00e0 sono stati molti di pi\u00f9 quelli che hanno purtroppo preferito le cabine degli stabilimenti balneari).<\/span><span style=\"line-height: 1.3em;\">Le loro &#8211; legittime &#8211; scelte hanno di fatto determinato una situazione davvero molto difficile da gestire (ed \u00e8 bene evidenziare che questa e&#8217; la seconda volta in quindici anni che ci\u00f2 si verifica a Potenza).<\/span><span style=\"line-height: 1.3em;\">Ho stima personale per Dario De Luca e grande considerazione per la seriet\u00e0 e la professionalit\u00e0 dell&#8217;Ing. De Luca e sono quindi convinto che cercher\u00e0 di operare al meglio e nell&#8217;interesse della Citt\u00e0, che \u00e8 poi l&#8217;unico obiettivo al quale tutti dovremmo comunque tendere.<\/span><span style=\"line-height: 1.3em;\">Tant&#8217;\u00e8 che, in occasione della breve ma intensa cerimonia di insediamento, quando \u00e8 toccato a me, nelle mie funzioni di Sindaco facente funzioni dopo la decadenza di Vito Santarsiero, consegnare la Citt\u00e0 al neo eletto Sindaco De Luca, avevo lanciato un forte richiamo alla necessit\u00e0 di dare prova da parte di tutti di un altissimo senso di responsabilit\u00e0, perch\u00e9 la Citt\u00e0 deve essere comunque governata, perch\u00e9 la difficile e gravosa azione di risanamento dell&#8217;ente che ci siamo responsabilmente accollata non ammette alcuna soluzione di continuit\u00e0, perch\u00e9 la Citt\u00e0 si trova in una delicata fase di transizione in quanto l&#8217;ambizioso progetto e percorso di modernizzazione che abbiamo avviato non pu\u00f2 subire colpi di arresto, perch\u00e9 ci sono programmi in corso che vanno proseguiti con la necessaria convinzione e condivisione: penso a Potenza 2020, penso al piano nazionale citt\u00e0 con i suoi 70 milioni di euro di investimenti, penso al piano di sviluppo e coesione con i suoi 26 milioni di euro che attendono solo di trasformarsi in cantieri e lavoro, penso alla metropolitana con i suoi venti milioni di euro di finanziamento, penso al rilancio dell&#8217;ACTA ed all&#8217;avvio della raccolta differenziata porta a porta, anch&#8217;essa gi\u00e0 finanziata, e via dicendo.<\/span><span style=\"line-height: 1.3em;\">Ma penso innanzi tutto al ciclo di programmazione 2014\/2020 ed a tutte le aspettative che la Citt\u00e0 vi ripone in termini di rafforzamento e potenziamento della propria struttura urbana ed alle proprie pi\u00f9 che legittime aspirazioni di leadership territoriale e regionale.<\/span><span style=\"line-height: 1.3em;\">Eppure questo alto senso di responsabilit\u00e0 non l&#8217;ho sinceramente registrato nei primi atti di governo del Sindaco De Luca.<\/span><span style=\"line-height: 1.3em;\">Un tweet lanciato in rete dal suo staff, quasi contemporaneamente alla formazione della sua Giunta,\u00a0 pomposamente proclamava &#8220;dobbiamo ridurre i costi e portare a risanamento il nostro bilancio&#8221;, ma contraddiceva in maniera stridente la nomina di una Giunta con nove assessori, mentre quella uscente era gi\u00e0 ridotta ad otto e lui stesso aveva pi\u00f9 volte proclamato in campagna elettorale che avrebbe fatto una Giunta a sei.<\/span><span style=\"line-height: 1.3em;\">Ma non basta!!! Quasi contestualmente, ed anche qui smentendo ci\u00f2 che aveva &#8220;promesso&#8221; in campagna elettorale, c&#8217;\u00e8 stata anche la nomina di un nuovo dirigente comunale, che,\u00a0 bench\u00e9 un affermato giornalista della stampa locale gli facesse credito dell&#8217;incarico di &#8220;rovistare nei cassetti&#8221;, e&#8217;, invece, formalmente destinato a funzioni di coordinamento di tutta l&#8217;area economico-finanziaria dell&#8217;Ente, certamente pi\u00f9 confacenti alla sua professionalit\u00e0 ed esperienza ma con totale ed insopportabile dispregio delle ottime professionalit\u00e0 interne che l&#8217;amministrazione e la Citt\u00e0 dovrebbero ringraziare per la seriet\u00e0 e la competenza con cui hanno svolto il proprio lavoro in tutti questi anni.<\/span><span style=\"line-height: 1.3em;\">Cos\u00ec come si appresterebbe ad affidare incarichi esterni per il suo staff (a partire dal capo di gabinetto e dal portavoce) e ci auguriamo che il suo esempio non venga seguito dai suoi nove assessori, perch\u00e9 anche queste sono scelte che noi ci eravamo responsabilmente imposto di non fare in relazione alle esigenze del risanamento.<\/span><span style=\"line-height: 1.3em;\">Se questo e&#8217; il rigore e la riduzione dei costi che la sua amministrazione si propone di attuare non oso immaginare la fine che sono destinati a fare i sacrifici che la Citt\u00e0 \u00e8 stata costretta a fare proprio in funzione delle esigenze di risanamento finanziario dell&#8217;Ente.<\/span><span style=\"line-height: 1.3em;\">Ma anche sotto l&#8217;aspetto pi\u00f9 strettamente funzionale non ci pare che la Giunta sia frutto di quelle scelte innovative che il candidato sindaco De Luca aveva promesso a quei 16.293 elettori (un terzo del corpo elettorale cittadino) che gli hanno dato la propria fiducia.<\/span><span style=\"line-height: 1.3em;\">Nonostante ben nove assessori, ha infatti avocato a se&#8217; diverse deleghe importanti ed impegnative: passi per la Polizia locale (che, per norma, dipende direttamente dal Sindaco) e per l&#8217;annessa Protezione civile, o per gli Affari legali ed anche per Bucaletto, ma le Risorse umane, le Opere pubbliche, la Riqualificazione urbana, gli Espropri, la Viabilit\u00e0 ed ancora lo Sport e le Politiche giovanili meritano attenzioni che un Sindaco (per quanto eccezionale possa essere) non pu\u00f2 certamente dedicare, se non altro per le altre gravose incombenze che sono proprie della funzione svolta.<\/span><span style=\"line-height: 1.3em;\">Per di pi\u00f9 le stesse deleghe di alcuni suoi assessori (vedi ad esempio quelle attribuite agli assessori De Francesco,\u00a0\u00a0 Percoco e Salvia) non sono poi il massimo della coerenza funzionale.<\/span><span style=\"line-height: 1.3em;\">Ma queste sono solo alcune delle questioni di merito relative alla formazione della giunta, del tutto secondarie rispetto al macigno, al vulnus della questione politica che non faciliter\u00e0 certamente il compito di dare alla citt\u00e0 la governabilit\u00e0 di cui necessita e certamente non per nostra responsabilit\u00e0.<\/span><span style=\"line-height: 1.3em;\">Da tutte le parti era venuto forte l&#8217;invito al Sindaco De Luca ad evitare la formazione di una giunta politicamente caratterizzata, invito che egli ha evidentemente declinato assumendo a se tutte le conseguenze politiche di un tale dirompente atteggiamento.<\/span><span style=\"line-height: 1.3em;\">Capisco le forti pressioni alle quali \u00e8 stato sottoposto dalla dirigenza delle forze politiche che l&#8217;hanno sostenuto nella campagna elettorale, ma questa giunta e&#8217; esattamente il contrario di quello che il centro sinistra si potesse attendere per poter spostare l&#8217;attenzione, responsabilmente e senza inciuci e sotterfugi, sui provvedimenti che l&#8217;amministrazione avrebbe posto in essere per dare comunque alla citt\u00e0 le risposte necessarie.<\/span><span style=\"line-height: 1.3em;\">E non ci si venga a ripetere la storiella che si tratta di assessori scelti per le loro competenze tecniche (che certamente pure ci sono), che questa e&#8217; una giunta apartitica ed apolitica, perch\u00e9 \u00a0ci\u00f2 \u00e8 palesemente smentito dalla circostanza che il Vice Sindaco e&#8217;\u00a0 stato il primo degli eletti della lista di Fratelli d&#8217;Italia, che altri assessori sono espressione ed hanno svolto (e tuttora svolgano) funzioni politiche in formazioni politiche di estrema destra.<\/span><span style=\"line-height: 1.3em;\">Del tutto intempestivo e politicamente irritante e&#8217; risultato poi il tentativo di procedere\u00a0 a tardive consultazioni politiche con le forze politiche presenti in Consiglio, cos\u00ec come del tutto puerile, sempre sotto l&#8217;aspetto politico, e&#8217; l&#8217;ardita tesi della differenziazione dei ruoli, una sorta di astensione dalla politica attiva da parte degli Assessori fintanto che svolgono tale incarico perch\u00e9 resta comunque tutto intero il peso della loro forte caratterizzazione politica.<\/span><span style=\"line-height: 1.3em;\">Noi non ci sottrarremo comunque alle nostre responsabilit\u00e0 ed alla nostra missione di classe dirigente di questa citt\u00e0 e di maggioranza in Consiglio Comunale (lo ripeto noi non ci sottrarremo comunque alle nostre responsabilit\u00e0) ma \u00e8 sin troppo evidente che fintanto che le premesse politiche resteranno queste sar\u00e0 veramente molto difficile una qualsiasi forma di &#8220;condivisione&#8221; che vada oltre quei singoli provvedimenti che dovessero essere ritenuti strettamente coerenti con gli esclusivi e per noi preminenti interessi della Citt\u00e0.<\/span><span style=\"line-height: 1.3em;\">Ed \u00e8 evidente che la responsabilit\u00e0 dei gravi danni che ci\u00f2 potr\u00e0 causare alla Citt\u00e0 sar\u00e0 solo ed esclusivamente di De Luca e delle forze politiche di destra che lo sostengono. \u00a0\u00a0<\/span><\/p>\n<p style=\"text-align: justify;\"><span style=\"line-height: 1.3em;\"><br \/><\/span><span style=\"line-height: 1.3em;\">Pietro Campagna<\/span><span style=\"line-height: 1.3em;\">\u00a0Consigliere Comunale del Centro Democratico<\/span><\/p>\n","protected":false},"excerpt":{"rendered":"<p>La prima seduta del nuovo Consiglio Comunale di marted\u00ec 8 luglio e&#8217; stata &#8220;celebrativa&#8221;, come sempre accade e come era scontato che fosse dato il &#8230; <\/p>\n","protected":false},"author":1,"featured_media":0,"comment_status":"closed","ping_status":"closed","sticky":false,"template":"single-sidebar.php","format":"standard","meta":{"footnotes":""},"categories":[384],"tags":[],"class_list":["post-9572","post","type-post","status-publish","format-standard","hentry","category-c243-comunicati-stampa-dei-consiglieri-243"],"_links":{"self":[{"href":"https:\/\/archivio.comune.potenza.it\/index.php?rest_route=\/wp\/v2\/posts\/9572"}],"collection":[{"href":"https:\/\/archivio.comune.potenza.it\/index.php?rest_route=\/wp\/v2\/posts"}],"about":[{"href":"https:\/\/archivio.comune.potenza.it\/index.php?rest_route=\/wp\/v2\/types\/post"}],"author":[{"embeddable":true,"href":"https:\/\/archivio.comune.potenza.it\/index.php?rest_route=\/wp\/v2\/users\/1"}],"replies":[{"embeddable":true,"href":"https:\/\/archivio.comune.potenza.it\/index.php?rest_route=%2Fwp%2Fv2%2Fcomments&post=9572"}],"version-history":[{"count":0,"href":"https:\/\/archivio.comune.potenza.it\/index.php?rest_route=\/wp\/v2\/posts\/9572\/revisions"}],"wp:attachment":[{"href":"https:\/\/archivio.comune.potenza.it\/index.php?rest_route=%2Fwp%2Fv2%2Fmedia&parent=9572"}],"wp:term":[{"taxonomy":"category","embeddable":true,"href":"https:\/\/archivio.comune.potenza.it\/index.php?rest_route=%2Fwp%2Fv2%2Fcategories&post=9572"},{"taxonomy":"post_tag","embeddable":true,"href":"https:\/\/archivio.comune.potenza.it\/index.php?rest_route=%2Fwp%2Fv2%2Ftags&post=9572"}],"curies":[{"name":"wp","href":"https:\/\/api.w.org\/{rel}","templated":true}]}}