{"id":9597,"date":"2014-07-18T14:33:45","date_gmt":"2014-07-18T12:33:45","guid":{"rendered":"http:\/\/archivio.comune.potenza.it\/comune_wp\/?p=9597"},"modified":"2014-07-18T14:33:45","modified_gmt":"2014-07-18T12:33:45","slug":"gianpaolo-carretta-partito-democratico-lavori-del-primo-consiglio-comunale","status":"publish","type":"post","link":"https:\/\/archivio.comune.potenza.it\/?p=9597","title":{"rendered":"Gianpaolo Carretta (Partito Democratico): Lavori del primo Consiglio Comunale"},"content":{"rendered":"<p style=\"text-align: left;\" align=\"center\"><span style=\"line-height: 1.3em;\">All\u2019esito dei lavori svoltisi nel Consiglio Comunale di oggi, con particolare riferimento alla mancata elezione dell\u2019Ufficio di Presidenza, il PD e tutte le componenti del Centro sinistra proporranno alla carica di Presidente, l\u2019Avv. Luigi Petrone, quale elemento unificante di tutte le forze politiche che si richiamano appunto al Centro sinistra.<\/span><\/p>\n<p>Siamo sicuri che si proceder\u00e0 all\u2019elezione dell\u2019intero ufficio di Presidenza, che \u00e8 propedeutico alla composizione delle Commissioni consiliari e all\u2019elezione dei relativi Presidenti, anche per iniziare la discussione formale e sostanziale sul prossimo bilancio consuntivo, che andr\u00e0 licenziato nelle prossime settimane.<\/p>\n<p>Abbiamo inoltre preso atto della composizione della nuova Giunta comunale, molto caratterizzata da elementi della Destra storica, sovrabbondante e non formata da soli tecnici, come annunciato dal Sindaco, che non ha inteso svolgere una propria relazione programmatica.<\/p>\n<p>Sotto tale profilo, riteniamo importante che De Luca illustri al Consiglio comunale quali siano le sue linee programmatiche per la citt\u00e0, per aprire un confronto di merito su tutte le questioni strategiche, comunque nel rispetto della evidente differenziazione politico-progettuale gi\u00e0 evidenziatasi alle scorse elezioni tra le forze di Centro sinistra e la Destra che ora governa la citt\u00e0. Siamo sicuri che il Sindaco e le forze che lo appoggiano non si sottrarranno a questo confronto per il bene della citt\u00e0, che noi comunque chiediamo e chiederemo con forza in Consiglio comunale, per aprire un dibattito vero e leale sul futuro di Potenza, nella diversit\u00e0 delle posizioni, ed avendo come obiettivo il bene comune della citt\u00e0.<\/p>\n<p>\u00a0<\/p>\n","protected":false},"excerpt":{"rendered":"<p>All\u2019esito dei lavori svoltisi nel Consiglio Comunale di oggi, con particolare riferimento alla mancata elezione dell\u2019Ufficio di Presidenza, il PD e tutte le componenti del &#8230; <\/p>\n","protected":false},"author":1,"featured_media":0,"comment_status":"closed","ping_status":"closed","sticky":false,"template":"single-sidebar.php","format":"standard","meta":{"footnotes":""},"categories":[384],"tags":[],"class_list":["post-9597","post","type-post","status-publish","format-standard","hentry","category-c243-comunicati-stampa-dei-consiglieri-243"],"_links":{"self":[{"href":"https:\/\/archivio.comune.potenza.it\/index.php?rest_route=\/wp\/v2\/posts\/9597"}],"collection":[{"href":"https:\/\/archivio.comune.potenza.it\/index.php?rest_route=\/wp\/v2\/posts"}],"about":[{"href":"https:\/\/archivio.comune.potenza.it\/index.php?rest_route=\/wp\/v2\/types\/post"}],"author":[{"embeddable":true,"href":"https:\/\/archivio.comune.potenza.it\/index.php?rest_route=\/wp\/v2\/users\/1"}],"replies":[{"embeddable":true,"href":"https:\/\/archivio.comune.potenza.it\/index.php?rest_route=%2Fwp%2Fv2%2Fcomments&post=9597"}],"version-history":[{"count":0,"href":"https:\/\/archivio.comune.potenza.it\/index.php?rest_route=\/wp\/v2\/posts\/9597\/revisions"}],"wp:attachment":[{"href":"https:\/\/archivio.comune.potenza.it\/index.php?rest_route=%2Fwp%2Fv2%2Fmedia&parent=9597"}],"wp:term":[{"taxonomy":"category","embeddable":true,"href":"https:\/\/archivio.comune.potenza.it\/index.php?rest_route=%2Fwp%2Fv2%2Fcategories&post=9597"},{"taxonomy":"post_tag","embeddable":true,"href":"https:\/\/archivio.comune.potenza.it\/index.php?rest_route=%2Fwp%2Fv2%2Ftags&post=9597"}],"curies":[{"name":"wp","href":"https:\/\/api.w.org\/{rel}","templated":true}]}}