{"id":9599,"date":"2014-07-18T14:41:57","date_gmt":"2014-07-18T12:41:57","guid":{"rendered":"http:\/\/archivio.comune.potenza.it\/comune_wp\/?p=9599"},"modified":"2014-07-18T14:41:57","modified_gmt":"2014-07-18T12:41:57","slug":"roberto-falotico-realta-italia-potenza-condivisa-e-realta-italia-percorso-comune","status":"publish","type":"post","link":"https:\/\/archivio.comune.potenza.it\/?p=9599","title":{"rendered":"Roberto Falotico (Realt\u00e0 Italia): Potenza condivisa e Realt\u00e0 Italia percorso comune"},"content":{"rendered":"<p>I consiglieri comunali eletti nelle fila di Potenza Condivisa e Realt\u00e0 Italia hanno deciso di intraprendere un percorso comune sul piano politico e istituzionale, affidando il coordinamento delle iniziative a Roberto Falotico. La decisione \u00e8 venuta al termine di una approfondita discussione che ha coinvolto i consiglieri eletti. Il dibattito si \u00e8 praticamente incentrato su due argomenti chiave : l&#8217; atteggiamento da tenere nei confronti dell&#8217;esecutivo De Luca e l&#8217;individuazione di un percorso di riunificazione del Centro sinistra come contributo alle diverse emergenze che il Capoluogo presenta . Quanto al primo punto, hanno sostenuto che il modo migliore per servire la citt\u00e0 in questa fase difficile \u00e8 privilegiare la trasparenza dei rapporti tra Sindaco e maggioranza consiliare, ognuno con il proprio ruolo e le proprie responsabilit\u00e0, senza ostruzionismi ma anche senza aiuti sottobanco. Deve vincere la bont\u00e0 delle proposte fatte alla luce del sole e chiaramente indirizzate\u00a0 a far uscire la citt\u00e0 dalla grave crisi\u00a0 in cui versa da tempo. La campagna elettorale va dimenticata nei suoi aspetti polemici e personalistici ma il contributo che ciascuno dei candidati Sindaci ha offerto non pu\u00f2 non costituire l&#8217;ancoraggio per la individuazione delle priorit\u00e0 condivise, prima fra tutte un deciso programma di rilancio dell&#8217;economia cittadina con l&#8217;attivazione di tutti gli strumenti a disposizione dell&#8217;Amministrazione comunale. In ordine alle relazioni con gli altri partiti, i consiglieri hanno convenuto che bisogna fare ogni sforzo per unificare le due parti del Centro sinistra. Una forza elettorale che insieme raggiunge quasi il settanta per cento e che nonostante questo oggi non ha il Sindaco, non pu\u00f2 non impegnarsi in una profonda e seria analisi autocritica su quello che \u00e8 successo, non per cercare colpe facili o soddisfazioni tardive ma per mostrare ai cittadini che il messaggio \u00e8 stato ricevuto forte e chiaro e che da domani i comportamenti saranno adeguati alla forte richiesta di unit\u00e0 che l&#8217;elettorato di centrosinistra ha inviato. Non sar\u00e0 n\u00e8 breve n\u00e8 facile il cammino di integrazione, hanno chiosato, ma \u00e8 una strada obbligata perch\u00e8 la citt\u00e0 c&#8217;\u00e8 lo chiede.&#8221; <\/p>\n","protected":false},"excerpt":{"rendered":"<p>I consiglieri comunali eletti nelle fila di Potenza Condivisa e Realt\u00e0 Italia hanno deciso di intraprendere un percorso comune sul piano politico e istituzionale, affidando &#8230; <\/p>\n","protected":false},"author":1,"featured_media":0,"comment_status":"closed","ping_status":"closed","sticky":false,"template":"single-sidebar.php","format":"standard","meta":{"footnotes":""},"categories":[384],"tags":[],"class_list":["post-9599","post","type-post","status-publish","format-standard","hentry","category-c243-comunicati-stampa-dei-consiglieri-243"],"_links":{"self":[{"href":"https:\/\/archivio.comune.potenza.it\/index.php?rest_route=\/wp\/v2\/posts\/9599"}],"collection":[{"href":"https:\/\/archivio.comune.potenza.it\/index.php?rest_route=\/wp\/v2\/posts"}],"about":[{"href":"https:\/\/archivio.comune.potenza.it\/index.php?rest_route=\/wp\/v2\/types\/post"}],"author":[{"embeddable":true,"href":"https:\/\/archivio.comune.potenza.it\/index.php?rest_route=\/wp\/v2\/users\/1"}],"replies":[{"embeddable":true,"href":"https:\/\/archivio.comune.potenza.it\/index.php?rest_route=%2Fwp%2Fv2%2Fcomments&post=9599"}],"version-history":[{"count":0,"href":"https:\/\/archivio.comune.potenza.it\/index.php?rest_route=\/wp\/v2\/posts\/9599\/revisions"}],"wp:attachment":[{"href":"https:\/\/archivio.comune.potenza.it\/index.php?rest_route=%2Fwp%2Fv2%2Fmedia&parent=9599"}],"wp:term":[{"taxonomy":"category","embeddable":true,"href":"https:\/\/archivio.comune.potenza.it\/index.php?rest_route=%2Fwp%2Fv2%2Fcategories&post=9599"},{"taxonomy":"post_tag","embeddable":true,"href":"https:\/\/archivio.comune.potenza.it\/index.php?rest_route=%2Fwp%2Fv2%2Ftags&post=9599"}],"curies":[{"name":"wp","href":"https:\/\/api.w.org\/{rel}","templated":true}]}}