{"id":9600,"date":"2014-07-18T14:43:39","date_gmt":"2014-07-18T12:43:39","guid":{"rendered":"http:\/\/archivio.comune.potenza.it\/comune_wp\/?p=9600"},"modified":"2014-07-18T14:43:39","modified_gmt":"2014-07-18T12:43:39","slug":"gianpaolo-carretta-partito-democratico-elezione-di-luigi-petrone","status":"publish","type":"post","link":"https:\/\/archivio.comune.potenza.it\/?p=9600","title":{"rendered":"Gianpaolo Carretta (Partito Democratico): Elezione di Luigi Petrone"},"content":{"rendered":"<p>&#8220;\u00c8 con grande soddisfazione che accogliamo la elezione di Luigi Petrone candidato Sindaco del Centro Sinistra a Presidente del Consiglio comunale di Potenza, eletto alla terza votazione da tutto il centro sinistra che in modo autonomo lo ha proposto.&#8221;<br \/>Cos\u00ec il consigliere comunale del PD Gianpaolo Carretta per il quale\u00a0 &#8220;il centro destra ha condiviso la scelta non potendo comunque che prenderne atto. In modo rapido il centro sinistra che \u00e8 maggioranza assoluta in Consiglio comunale ha assicurato l&#8217;elezione di tutto l&#8217;Ufficio di Presidenza garantendo la vice presidenza alle minoranze di centro destra.<br \/>Inizia di fatto la nuova\u00a0 Consiliatura con l&#8217;esame del primo provvedimento strategico e fondamentale per la citt\u00e0 che \u00e8 il bilancio consuntivo, che esamineremo attenta,mente nel merito con responsabilit\u00e0 e con un atteggiamento costruttivo finalizzato alla realizzazione del bene comune nell&#8217;ambito di una dialettica democratica tra il governo di destra che amministra la citt\u00e0 e l&#8217;opposizione\u00a0 del centro sinistra consapevoli delle profonde diversit\u00e0 politiche e progettuali.&#8221;<\/p>\n<p><\/p>\n","protected":false},"excerpt":{"rendered":"<p>&#8220;\u00c8 con grande soddisfazione che accogliamo la elezione di Luigi Petrone candidato Sindaco del Centro Sinistra a Presidente del Consiglio comunale di Potenza, eletto alla &#8230; <\/p>\n","protected":false},"author":1,"featured_media":0,"comment_status":"closed","ping_status":"closed","sticky":false,"template":"single-sidebar.php","format":"standard","meta":{"footnotes":""},"categories":[384],"tags":[],"class_list":["post-9600","post","type-post","status-publish","format-standard","hentry","category-c243-comunicati-stampa-dei-consiglieri-243"],"_links":{"self":[{"href":"https:\/\/archivio.comune.potenza.it\/index.php?rest_route=\/wp\/v2\/posts\/9600"}],"collection":[{"href":"https:\/\/archivio.comune.potenza.it\/index.php?rest_route=\/wp\/v2\/posts"}],"about":[{"href":"https:\/\/archivio.comune.potenza.it\/index.php?rest_route=\/wp\/v2\/types\/post"}],"author":[{"embeddable":true,"href":"https:\/\/archivio.comune.potenza.it\/index.php?rest_route=\/wp\/v2\/users\/1"}],"replies":[{"embeddable":true,"href":"https:\/\/archivio.comune.potenza.it\/index.php?rest_route=%2Fwp%2Fv2%2Fcomments&post=9600"}],"version-history":[{"count":0,"href":"https:\/\/archivio.comune.potenza.it\/index.php?rest_route=\/wp\/v2\/posts\/9600\/revisions"}],"wp:attachment":[{"href":"https:\/\/archivio.comune.potenza.it\/index.php?rest_route=%2Fwp%2Fv2%2Fmedia&parent=9600"}],"wp:term":[{"taxonomy":"category","embeddable":true,"href":"https:\/\/archivio.comune.potenza.it\/index.php?rest_route=%2Fwp%2Fv2%2Fcategories&post=9600"},{"taxonomy":"post_tag","embeddable":true,"href":"https:\/\/archivio.comune.potenza.it\/index.php?rest_route=%2Fwp%2Fv2%2Ftags&post=9600"}],"curies":[{"name":"wp","href":"https:\/\/api.w.org\/{rel}","templated":true}]}}