{"id":9602,"date":"2014-07-18T14:56:08","date_gmt":"2014-07-18T12:56:08","guid":{"rendered":"http:\/\/archivio.comune.potenza.it\/comune_wp\/?p=9602"},"modified":"2014-07-18T14:56:08","modified_gmt":"2014-07-18T12:56:08","slug":"nicola-lovallo-partito-democratico-riorganizzazione-dell-a-c-t-a","status":"publish","type":"post","link":"https:\/\/archivio.comune.potenza.it\/?p=9602","title":{"rendered":"Nicola Lovallo (Partito Democratico): Riorganizzazione dell&#8217;A.C.T.A."},"content":{"rendered":"<p class=\"Stilepredefinito\">\u201cUna profonda riorganizzazione dell\u2019Acta, a cominciare dal cambio della sede e dall\u2019avvio della procedura che consentir\u00e0 alla citt\u00e0 di Potenza di rendere concreta la raccolta differenziata, \u00e8 quella che si sta compiendo in questi giorni e che non possiamo che salutare con favore perch\u00e9 d\u00e0 seguito al lavoro svolto nei mesi e negli anni precedenti con interazioni tra i diversi livelli istituzionali\u201d: cos\u00ec il consigliere del Pd Nicola Lovallo che, con la precedente Amministrazione ha seguito in prima persona l\u2019intera vicenda nella sua veste che era quella di assessore all\u2019Ambiente. \u201cL\u2019acquisto dei nuovi mezzi, l\u2019attivazione dell\u2019inceneritore per quanto riguarda la sola movimentazione e gestione a freddo dei rifiuti, con la contestuale attivazione della nuova area di trasferenza nell\u2019ambito della zona di vallone Calabrese, ancora, l\u2019autorizzazione per la realizzazione di ulteriori volumi nella discarica di Pallareta, sono tutti provvedimenti di grande rilevanza per la citt\u00e0 e per i Comuni dell\u2019hinterland potentino che cambieranno completamente volto a questo settore, quello dei rifiuti appunto, di fondamentale importanza per la nostra comunit\u00e0. Dobbiamo essere coscienti di come si sia fatto tanto per giungere allo stato attuale, e di come tutta questa fase di preparazione che abbiamo vissuto negli scorsi anni, anche con l\u2019internalizzazione dei vertici Acta e con la riorganizzazione del personale alla quale gli stessi vertici stanno dando luogo in questi ultimi mesi, comincer\u00e0 a brevissimo a dare i propri frutti. L\u2019impegno che chiediamo alla nuova Amministrazione \u00e8 quello di proseguire sul percorso intrapreso \u2013 conclude il consigliere comunale del Pd, Nicola Lovallo \u2013 per non vanificare gli sforzi compiuti e per giungere alla definizione di un sistema di raccolta davvero efficace, secondo quanto programmato di concerto col Conai, dei cui benefici potr\u00e0 avvalersi l\u2019intero comprensorio metropolitano della citt\u00e0 capoluogo di regione e, di conseguenza, l\u2019intera regione\u201d. \u00a0<\/p>\n","protected":false},"excerpt":{"rendered":"<p>\u201cUna profonda riorganizzazione dell\u2019Acta, a cominciare dal cambio della sede e dall\u2019avvio della procedura che consentir\u00e0 alla citt\u00e0 di Potenza di rendere concreta la raccolta &#8230; <\/p>\n","protected":false},"author":1,"featured_media":0,"comment_status":"closed","ping_status":"closed","sticky":false,"template":"single-sidebar.php","format":"standard","meta":{"footnotes":""},"categories":[384],"tags":[],"class_list":["post-9602","post","type-post","status-publish","format-standard","hentry","category-c243-comunicati-stampa-dei-consiglieri-243"],"_links":{"self":[{"href":"https:\/\/archivio.comune.potenza.it\/index.php?rest_route=\/wp\/v2\/posts\/9602"}],"collection":[{"href":"https:\/\/archivio.comune.potenza.it\/index.php?rest_route=\/wp\/v2\/posts"}],"about":[{"href":"https:\/\/archivio.comune.potenza.it\/index.php?rest_route=\/wp\/v2\/types\/post"}],"author":[{"embeddable":true,"href":"https:\/\/archivio.comune.potenza.it\/index.php?rest_route=\/wp\/v2\/users\/1"}],"replies":[{"embeddable":true,"href":"https:\/\/archivio.comune.potenza.it\/index.php?rest_route=%2Fwp%2Fv2%2Fcomments&post=9602"}],"version-history":[{"count":0,"href":"https:\/\/archivio.comune.potenza.it\/index.php?rest_route=\/wp\/v2\/posts\/9602\/revisions"}],"wp:attachment":[{"href":"https:\/\/archivio.comune.potenza.it\/index.php?rest_route=%2Fwp%2Fv2%2Fmedia&parent=9602"}],"wp:term":[{"taxonomy":"category","embeddable":true,"href":"https:\/\/archivio.comune.potenza.it\/index.php?rest_route=%2Fwp%2Fv2%2Fcategories&post=9602"},{"taxonomy":"post_tag","embeddable":true,"href":"https:\/\/archivio.comune.potenza.it\/index.php?rest_route=%2Fwp%2Fv2%2Ftags&post=9602"}],"curies":[{"name":"wp","href":"https:\/\/api.w.org\/{rel}","templated":true}]}}