{"id":9659,"date":"2014-07-26T14:56:35","date_gmt":"2014-07-26T12:56:35","guid":{"rendered":"http:\/\/archivio.comune.potenza.it\/comune_wp\/?p=9659"},"modified":"2014-07-26T14:56:35","modified_gmt":"2014-07-26T12:56:35","slug":"gianpaolo-carretta-partito-democratico-comunicato-stampa-dell-assessore-de-francesco","status":"publish","type":"post","link":"https:\/\/archivio.comune.potenza.it\/?p=9659","title":{"rendered":"Gianpaolo Carretta (Partito Democratico): Gestione delle attivit\u00e0 culturali in citt\u00e0"},"content":{"rendered":"<p>&#8221; Assolutamente sorprendenti ed incaute le affermazioni dell&#8217;Assessore alla cultura del Comune di Potenza De Francesco in ordine a vicende che interessano le attivit\u00e0 delle associazioni culturali della citt\u00e0 ed in particolare quelle di un circolo ARCI potentino.&#8221; \u00c8 quanto afferma il consigliere del PD Gianpaolo Carretta che aggiunge &#8220;non avendo altre motivazioni per rispondere alle osservazioni del Circolo l&#8217;Assessore mescola impropriamente le legittime proteste degli associati con questioni politiche, posizioni di autorevoli consiglieri comunali e incomprensibili accuse alla uscente Amministrazione comunale. Piuttosto che parlare di pratiche di &#8220;buoni uffici&#8221; e mancato &#8221; rispetto di regole&#8221; da parte di altri, l&#8217;Assessore abbia il buon senso di chiarire bene cosa intende fare, stante i primi provvedimenti del tutto inconsistenti e, nel rispetto delle regole istituzionali, venga nella competente Commissione consiliare ad illustrare programmi e procedure. Circa il passato siamo stati abituati, nonostante la ristrettezza di risorse, a ben altri momenti culturali e a ben altri confronti ed il tutto, notoriamente, senza che si sia guardato a nessun colore politico ma anzi abbiamo visto sempre sollecitare e mai comprimere il protagonismo della Citt\u00e0.<br \/>Non ci appartiene -conclude- l&#8217;idea di una cultura di parte come invece sembra serpeggiare tra le parole dell&#8217;Assessore. Ci aspettiamo per il bene della citt\u00e0 un serio cambio di atteggiamento.&#8221;\u00a0<\/p>\n","protected":false},"excerpt":{"rendered":"<p>&#8221; Assolutamente sorprendenti ed incaute le affermazioni dell&#8217;Assessore alla cultura del Comune di Potenza De Francesco in ordine a vicende che interessano le attivit\u00e0 delle &#8230; <\/p>\n","protected":false},"author":1,"featured_media":0,"comment_status":"closed","ping_status":"closed","sticky":false,"template":"single-sidebar.php","format":"standard","meta":{"footnotes":""},"categories":[384],"tags":[],"class_list":["post-9659","post","type-post","status-publish","format-standard","hentry","category-c243-comunicati-stampa-dei-consiglieri-243"],"_links":{"self":[{"href":"https:\/\/archivio.comune.potenza.it\/index.php?rest_route=\/wp\/v2\/posts\/9659"}],"collection":[{"href":"https:\/\/archivio.comune.potenza.it\/index.php?rest_route=\/wp\/v2\/posts"}],"about":[{"href":"https:\/\/archivio.comune.potenza.it\/index.php?rest_route=\/wp\/v2\/types\/post"}],"author":[{"embeddable":true,"href":"https:\/\/archivio.comune.potenza.it\/index.php?rest_route=\/wp\/v2\/users\/1"}],"replies":[{"embeddable":true,"href":"https:\/\/archivio.comune.potenza.it\/index.php?rest_route=%2Fwp%2Fv2%2Fcomments&post=9659"}],"version-history":[{"count":0,"href":"https:\/\/archivio.comune.potenza.it\/index.php?rest_route=\/wp\/v2\/posts\/9659\/revisions"}],"wp:attachment":[{"href":"https:\/\/archivio.comune.potenza.it\/index.php?rest_route=%2Fwp%2Fv2%2Fmedia&parent=9659"}],"wp:term":[{"taxonomy":"category","embeddable":true,"href":"https:\/\/archivio.comune.potenza.it\/index.php?rest_route=%2Fwp%2Fv2%2Fcategories&post=9659"},{"taxonomy":"post_tag","embeddable":true,"href":"https:\/\/archivio.comune.potenza.it\/index.php?rest_route=%2Fwp%2Fv2%2Ftags&post=9659"}],"curies":[{"name":"wp","href":"https:\/\/api.w.org\/{rel}","templated":true}]}}