{"id":9662,"date":"2014-07-26T15:11:05","date_gmt":"2014-07-26T13:11:05","guid":{"rendered":"http:\/\/archivio.comune.potenza.it\/comune_wp\/?p=9662"},"modified":"2014-07-26T15:11:05","modified_gmt":"2014-07-26T13:11:05","slug":"giampiero-iudicello-partito-democratico-sequestro-sider-potenza","status":"publish","type":"post","link":"https:\/\/archivio.comune.potenza.it\/?p=9662","title":{"rendered":"Giampiero Iudicello (Partito Democratico): Sequestro Sider Potenza"},"content":{"rendered":"<p><span>La notizia dei sigilli posti dai carabinieri del Nucleo Operativo Ecologico di Potenza allo stabilimento della Sider Potenza, su richiesta del pm Francesco Basentini, rappresenta un fatto di drammatica rilevanza. Cosi commenta il Capogruppo in Consiglio Comunale del PD Giampiero Iudicello . Ci troviamo di fronte a uno di quei drammatici conflitti tra salute e lavoro.<\/span><span>Il diritto alla tutela della salute e alla tutela ambientale \u00e8 un tema centrale nello sviluppo della qualit\u00e0 della vita di un territorio e dei suoi abitanti che non pu\u00f2 essere eluso ma ambiente e lavoro, salute e dignit\u00e0 non possono e non devono per\u00f2 essere messi in antitesi; \u00e8 necessario aprire discussioni per individuare soluzioni che siano scevre da banalizzazioni e strumentalizzazioni.<\/span><span>La Sider Potenza costituisce un importante presidio produttivo nel tessuto sociale della citt\u00e0 che va tutelato ma la tutela della salute resta l\u2019obiettivo primario che deve essere perseguito nelle strategie di sviluppo e crescita di un territorio. L&#8217;auspicio \u00e8 pertanto che in breve, con l&#8217;adempimento delle delle prescrizioni in materia di sicurezza ambientale si realizzino le condizioni per riaprire lo stabilimento e riportare la serenit\u00e0 nella case dei lavoratori che vedono a rischio il posto di lavoro con assoluta sicurezza sul fatto che non ci sono pericoli per la salute degli stessi lavoratori nonch\u00e8 dei cittadini residenti nella zona. Tutti gli enti competenti sono chiamati celermente ad assumersi la responsabilit\u00e0 per una rapida soluzione. Il Sindaco De Luca, per quanto di sua competenza, convochi un tavolo per discutere della questione.<\/span><\/p>\n","protected":false},"excerpt":{"rendered":"<p>La notizia dei sigilli posti dai carabinieri del Nucleo Operativo Ecologico di Potenza allo stabilimento della Sider Potenza, su richiesta del pm Francesco Basentini, rappresenta &#8230; <\/p>\n","protected":false},"author":1,"featured_media":0,"comment_status":"closed","ping_status":"closed","sticky":false,"template":"single-sidebar.php","format":"standard","meta":{"footnotes":""},"categories":[384],"tags":[],"class_list":["post-9662","post","type-post","status-publish","format-standard","hentry","category-c243-comunicati-stampa-dei-consiglieri-243"],"_links":{"self":[{"href":"https:\/\/archivio.comune.potenza.it\/index.php?rest_route=\/wp\/v2\/posts\/9662"}],"collection":[{"href":"https:\/\/archivio.comune.potenza.it\/index.php?rest_route=\/wp\/v2\/posts"}],"about":[{"href":"https:\/\/archivio.comune.potenza.it\/index.php?rest_route=\/wp\/v2\/types\/post"}],"author":[{"embeddable":true,"href":"https:\/\/archivio.comune.potenza.it\/index.php?rest_route=\/wp\/v2\/users\/1"}],"replies":[{"embeddable":true,"href":"https:\/\/archivio.comune.potenza.it\/index.php?rest_route=%2Fwp%2Fv2%2Fcomments&post=9662"}],"version-history":[{"count":0,"href":"https:\/\/archivio.comune.potenza.it\/index.php?rest_route=\/wp\/v2\/posts\/9662\/revisions"}],"wp:attachment":[{"href":"https:\/\/archivio.comune.potenza.it\/index.php?rest_route=%2Fwp%2Fv2%2Fmedia&parent=9662"}],"wp:term":[{"taxonomy":"category","embeddable":true,"href":"https:\/\/archivio.comune.potenza.it\/index.php?rest_route=%2Fwp%2Fv2%2Fcategories&post=9662"},{"taxonomy":"post_tag","embeddable":true,"href":"https:\/\/archivio.comune.potenza.it\/index.php?rest_route=%2Fwp%2Fv2%2Ftags&post=9662"}],"curies":[{"name":"wp","href":"https:\/\/api.w.org\/{rel}","templated":true}]}}