{"id":9675,"date":"2014-07-28T16:40:47","date_gmt":"2014-07-28T14:40:47","guid":{"rendered":"http:\/\/archivio.comune.potenza.it\/comune_wp\/?p=9675"},"modified":"2014-07-28T16:40:47","modified_gmt":"2014-07-28T14:40:47","slug":"antonio-vigilante-lista-civica-per-la-citta-sequestro-sider-potenza","status":"publish","type":"post","link":"https:\/\/archivio.comune.potenza.it\/?p=9675","title":{"rendered":"Antonio Vigilante (Lista Civica per la Citt\u00e0): Sequestro Sider Potenza"},"content":{"rendered":"<p><span>All&#8217;indomani del sequestro preventivo dell\u2019impianto industriale di propriet\u00e0 delle Ferriere Nord S.p.A., la Lista Civica per la Citt\u00e0, di concerto con il consigliere Antonio Vigilante, esprime solidariet\u00e0 ai 250 operai della Sider Potenza. Nel rispettare il provvedimento adottato dalla Magistratura potentina, auspica che la misura cautelare non venga amplificata da un processo portato avanti dalla stampa il cui giudicato coincide con la pena generata da una gogna mediatica a cui ormai da mesi \u00e8 sottoposta la Sider Potenza e la sua propriet\u00e0. Invero il Gruppo Pittini, dopo aver avviato un importante piano di riassetto degli impianti e dei processi produttivi dello stabilimento rilevato dalla Lucchini con un investimento pari a 55.000.000 di Euro, di cui 23.000.000 destinati all\u2019ambiente ed alla sicurezza, ha varato un secondo piano di sviluppo e consolidamento del sito produttivo di Potenza che fu presentato all\u2019allora assessore alle attivit\u00e0 produttive Marcello Pittella. L\u2019attuale Governatore sottoscrisse insieme al legale rappresentante del Gruppo Pittini un documento di programma al fine di rendere possibile l\u2019attuazione di questo importante piano. Si trattava di un piano industriale quinquennale con una portata di 75 milioni di Euro che avrebbe avuto importanti ricadute sul piano occupazionale e su quello dell\u2019indotto che aveva gi\u00e0 portato l\u2019azienda a stipulare un corposo contratto con un importante partner internazionale per la delocalizzazione e l\u2019ammodernamento dell\u2019impianto ossigeno pi\u00f9 moderno dal punto di vista delle emissioni in atmosfera. Tali investimenti sono rimasti bloccati nonostante i diversi incontri che l\u2019azienda ha avuto a livello regionale, tra i quali anche un tavolo cui ha partecipato l\u2019attuale Governatore Pittella. Oggi si mandano a casa 250 lavoratori perch\u00e9 la politica nicchia ed una procura la fa da padrona.\u00a0<\/span><\/p>\n","protected":false},"excerpt":{"rendered":"<p>All&#8217;indomani del sequestro preventivo dell\u2019impianto industriale di propriet\u00e0 delle Ferriere Nord S.p.A., la Lista Civica per la Citt\u00e0, di concerto con il consigliere Antonio Vigilante, &#8230; <\/p>\n","protected":false},"author":1,"featured_media":0,"comment_status":"closed","ping_status":"closed","sticky":false,"template":"single-sidebar.php","format":"standard","meta":{"footnotes":""},"categories":[384],"tags":[],"class_list":["post-9675","post","type-post","status-publish","format-standard","hentry","category-c243-comunicati-stampa-dei-consiglieri-243"],"_links":{"self":[{"href":"https:\/\/archivio.comune.potenza.it\/index.php?rest_route=\/wp\/v2\/posts\/9675"}],"collection":[{"href":"https:\/\/archivio.comune.potenza.it\/index.php?rest_route=\/wp\/v2\/posts"}],"about":[{"href":"https:\/\/archivio.comune.potenza.it\/index.php?rest_route=\/wp\/v2\/types\/post"}],"author":[{"embeddable":true,"href":"https:\/\/archivio.comune.potenza.it\/index.php?rest_route=\/wp\/v2\/users\/1"}],"replies":[{"embeddable":true,"href":"https:\/\/archivio.comune.potenza.it\/index.php?rest_route=%2Fwp%2Fv2%2Fcomments&post=9675"}],"version-history":[{"count":0,"href":"https:\/\/archivio.comune.potenza.it\/index.php?rest_route=\/wp\/v2\/posts\/9675\/revisions"}],"wp:attachment":[{"href":"https:\/\/archivio.comune.potenza.it\/index.php?rest_route=%2Fwp%2Fv2%2Fmedia&parent=9675"}],"wp:term":[{"taxonomy":"category","embeddable":true,"href":"https:\/\/archivio.comune.potenza.it\/index.php?rest_route=%2Fwp%2Fv2%2Fcategories&post=9675"},{"taxonomy":"post_tag","embeddable":true,"href":"https:\/\/archivio.comune.potenza.it\/index.php?rest_route=%2Fwp%2Fv2%2Ftags&post=9675"}],"curies":[{"name":"wp","href":"https:\/\/api.w.org\/{rel}","templated":true}]}}