{"id":9677,"date":"2014-07-28T16:44:06","date_gmt":"2014-07-28T14:44:06","guid":{"rendered":"http:\/\/archivio.comune.potenza.it\/comune_wp\/?p=9677"},"modified":"2014-07-28T16:44:06","modified_gmt":"2014-07-28T14:44:06","slug":"antonio-pesarini-gruppo-misto-passaggio-al-gruppo-misti-in-consiglio-comunale","status":"publish","type":"post","link":"https:\/\/archivio.comune.potenza.it\/?p=9677","title":{"rendered":"Antonio Pesarini (Gruppo Misto): Passaggio al Gruppo Misto in Consiglio Comunale"},"content":{"rendered":"<p>Il consigliere comunale Antonio Pesarini ha formalizzato la sua uscita dal gruppo Potenza Condivisa (collegata al candidato sindaco Roberto Falotico)\u00a0 e, con una nota inviata al presidente del Consiglio Luigi Petrone, ha\u00a0 ufficializzato il suo passaggio al Gruppo Misto.<\/p>\n<p>\u201cLo scenario politico che si era determinato dopo il primo turno \u2013 precisa Pesarini in una nota \u2013 mi aveva gi\u00e0 reso consapevole della necessit\u00e0 di superare le divisioni interne al centro-sinistra e mi aveva convinto della opportunit\u00e0 di una convergenza nell\u2019area del centro sinistra, <span style=\"text-decoration: underline;\">con una posizione autonoma <\/span>mia e del gruppo di amici che mi aveva sostenuto in campagna elettorale.\u201d<\/p>\n<p>\u201cIl risultato elettorale del secondo turno ha reso complessa la governabilit\u00e0 della Citt\u00e0 in una fase di grave crisi economica, sociale e finanziaria e, lungi dallo scoraggiarmi, ha fatto diventare pi\u00f9 forte la mia convinzione di poter operare per il bene della Citt\u00e0 dalla posizione autonoma del Gruppo Misto\u201d.<\/p>\n<p>\u201cSeguir\u00f2 da qui l&#8217;evoluzione del dibattito politico nel centro sinistra, gli sviluppi della interessante politica che ha aperto, a scala nazionale, Matteo Renzi , (impegnato in un intenso processo di riforme) e, a scala regionale, guarder\u00f2 con attenzione al contributo propositivo che offrono alle politiche di cambiamento per lo sviluppo della Basilicata, i socialisti di Valvano e Pietrantuono, che hanno sostenuto, su scala comunale, un progetto di stampo europeo con la lista dei Socialisti &amp; Democrats.\u201d<\/p>\n<p>\u201cNel Consiglio comunale \u2013 ha concluso Pesarini &#8211; esprimer\u00f2 il massimo di apertura e collaborazione con\u00a0 gli altri gruppi consiliari e sosterr\u00f2 l\u2019attivit\u00e0 del Sindaco e della sua Giunta per assicurare la buona governabilit\u00e0 di cui la nostra comunit\u00e0 ha bisogno ed il varo di tutti i provvedimenti proposti nell\u2019interesse della Citt\u00e0.\u201d<\/p>\n<p>\u00a0<\/p>\n","protected":false},"excerpt":{"rendered":"<p>Il consigliere comunale Antonio Pesarini ha formalizzato la sua uscita dal gruppo Potenza Condivisa (collegata al candidato sindaco Roberto Falotico)\u00a0 e, con una nota inviata &#8230; <\/p>\n","protected":false},"author":1,"featured_media":0,"comment_status":"closed","ping_status":"closed","sticky":false,"template":"single-sidebar.php","format":"standard","meta":{"footnotes":""},"categories":[384],"tags":[],"class_list":["post-9677","post","type-post","status-publish","format-standard","hentry","category-c243-comunicati-stampa-dei-consiglieri-243"],"_links":{"self":[{"href":"https:\/\/archivio.comune.potenza.it\/index.php?rest_route=\/wp\/v2\/posts\/9677"}],"collection":[{"href":"https:\/\/archivio.comune.potenza.it\/index.php?rest_route=\/wp\/v2\/posts"}],"about":[{"href":"https:\/\/archivio.comune.potenza.it\/index.php?rest_route=\/wp\/v2\/types\/post"}],"author":[{"embeddable":true,"href":"https:\/\/archivio.comune.potenza.it\/index.php?rest_route=\/wp\/v2\/users\/1"}],"replies":[{"embeddable":true,"href":"https:\/\/archivio.comune.potenza.it\/index.php?rest_route=%2Fwp%2Fv2%2Fcomments&post=9677"}],"version-history":[{"count":0,"href":"https:\/\/archivio.comune.potenza.it\/index.php?rest_route=\/wp\/v2\/posts\/9677\/revisions"}],"wp:attachment":[{"href":"https:\/\/archivio.comune.potenza.it\/index.php?rest_route=%2Fwp%2Fv2%2Fmedia&parent=9677"}],"wp:term":[{"taxonomy":"category","embeddable":true,"href":"https:\/\/archivio.comune.potenza.it\/index.php?rest_route=%2Fwp%2Fv2%2Fcategories&post=9677"},{"taxonomy":"post_tag","embeddable":true,"href":"https:\/\/archivio.comune.potenza.it\/index.php?rest_route=%2Fwp%2Fv2%2Ftags&post=9677"}],"curies":[{"name":"wp","href":"https:\/\/api.w.org\/{rel}","templated":true}]}}