{"id":9683,"date":"2014-07-29T13:32:22","date_gmt":"2014-07-29T11:32:22","guid":{"rendered":"http:\/\/archivio.comune.potenza.it\/comune_wp\/?p=9683"},"modified":"2014-07-29T13:32:22","modified_gmt":"2014-07-29T11:32:22","slug":"antonio-vigilante-lista-civica-per-la-citta-altre-valutazioni-sul-sequestro-sider-potenza","status":"publish","type":"post","link":"https:\/\/archivio.comune.potenza.it\/?p=9683","title":{"rendered":"Antonio Vigilante (Lista Civica per la Citt\u00e0): Ulteriori valutazioni sul sequestro Sider Potenza"},"content":{"rendered":"<p>Il sequestro degli impianti Sider Potenza \u00e8 un dramma dinanzi al quale nessuno deve restare indifferente. Ogni anno i lavoratori della ferriera e dell&#8217;indotto immettono nell&#8217;economia del capoluogo decine di milioni di Euro, che contribuiscono a far vivere centinaia di altre realt\u00e0 economiche di Potenza e provincia. Ognuno di noi, nessuno escluso, ha troppo goduto, negli anni, dei vantaggi di questo flusso costante di denaro, per potersi oggi permettere il lusso di dire &#8220;non mi importa&#8221;, o, addirittura, &#8220;tanto meglio&#8221;. Deve essere chiaro a tutti che, senza un piano industriale alternativo e un lasso di tempo adeguato, non ci sono alternative economiche alla Sider Potenza. Se privata da un giorno all&#8217;altro di essa, la citt\u00e0 \u00e8 destinata a un rapido declino.<br \/>La magistratura faccia il suo lavoro, ma non si chiuda nella torre d&#8217;avorio delle sue prerogative, non lasci passare un solo giorno che non sia necessario, non trascuri di valutare quotidianamente la necessit\u00e0 e l&#8217;opportunit\u00e0 del sequestro. E la politica prenda coscienza, una buona volta, delle sue responsabilit\u00e0, perch\u00e9 in futuro non si costruisca pi\u00f9 un intero quartiere dinanzi una fabbrica, perch\u00e9 in futuro si pensi un po&#8217; meno alle speculazioni e un po&#8217; di pi\u00f9 ai cittadini e al loro futuro. In questi giorni, stringiamoci tutti ai lavoratori della ferriera: se qualcuno \u00e8 colpevole di qualcosa, quel qualcuno non \u00e8 tra loro.<\/p>\n","protected":false},"excerpt":{"rendered":"<p>Il sequestro degli impianti Sider Potenza \u00e8 un dramma dinanzi al quale nessuno deve restare indifferente. Ogni anno i lavoratori della ferriera e dell&#8217;indotto immettono &#8230; <\/p>\n","protected":false},"author":1,"featured_media":0,"comment_status":"closed","ping_status":"closed","sticky":false,"template":"single-sidebar.php","format":"standard","meta":{"footnotes":""},"categories":[384],"tags":[],"class_list":["post-9683","post","type-post","status-publish","format-standard","hentry","category-c243-comunicati-stampa-dei-consiglieri-243"],"_links":{"self":[{"href":"https:\/\/archivio.comune.potenza.it\/index.php?rest_route=\/wp\/v2\/posts\/9683"}],"collection":[{"href":"https:\/\/archivio.comune.potenza.it\/index.php?rest_route=\/wp\/v2\/posts"}],"about":[{"href":"https:\/\/archivio.comune.potenza.it\/index.php?rest_route=\/wp\/v2\/types\/post"}],"author":[{"embeddable":true,"href":"https:\/\/archivio.comune.potenza.it\/index.php?rest_route=\/wp\/v2\/users\/1"}],"replies":[{"embeddable":true,"href":"https:\/\/archivio.comune.potenza.it\/index.php?rest_route=%2Fwp%2Fv2%2Fcomments&post=9683"}],"version-history":[{"count":0,"href":"https:\/\/archivio.comune.potenza.it\/index.php?rest_route=\/wp\/v2\/posts\/9683\/revisions"}],"wp:attachment":[{"href":"https:\/\/archivio.comune.potenza.it\/index.php?rest_route=%2Fwp%2Fv2%2Fmedia&parent=9683"}],"wp:term":[{"taxonomy":"category","embeddable":true,"href":"https:\/\/archivio.comune.potenza.it\/index.php?rest_route=%2Fwp%2Fv2%2Fcategories&post=9683"},{"taxonomy":"post_tag","embeddable":true,"href":"https:\/\/archivio.comune.potenza.it\/index.php?rest_route=%2Fwp%2Fv2%2Ftags&post=9683"}],"curies":[{"name":"wp","href":"https:\/\/api.w.org\/{rel}","templated":true}]}}