{"id":9690,"date":"2014-07-31T07:50:11","date_gmt":"2014-07-31T05:50:11","guid":{"rendered":"http:\/\/archivio.comune.potenza.it\/comune_wp\/?p=9690"},"modified":"2014-07-31T07:50:11","modified_gmt":"2014-07-31T05:50:11","slug":"francesco-fanelli-forza-italia-mario-guarente-e-michele-cannizzaro-liberiamo-la-citta-approvazione-bilancio-consuntivo-2013","status":"publish","type":"post","link":"https:\/\/archivio.comune.potenza.it\/?p=9690","title":{"rendered":"Francesco Fanelli (Forza Italia), Mario  Guarente e Michele Cannizzaro (Liberiamo la Citt\u00e0): Voto contrario sul bilancio consuntivo 2013"},"content":{"rendered":"<p>\u201c Siamo stati gli unici coerenti del centro &#8211; destrain seno all\u2019assise comunale \u201c . <br \/> E\u2019 quanto dichiarano in una nota i Consiglieri Fanelli ( Forza Italia ) , Cannizzaro e Guarente ( Liberiamo la Citt\u00e0 ) che aggiungono: \u201c da anni combattiamo un sistema che a nostro modo di intendere la gestione della cosa pubblica si \u00e8 rivelato fallimentare\u201d . <br \/> \u201d Il bilancio consuntivo del 2013 derivante dalla amministrazione del Sindaco Santarsiero ci ha fatto scoprire l\u2019esistenza di un debito pi\u00f9 ingente di quello che aspettavamo di trovare, voci che appaiono e scompaiono nei vari rendiconti e, infine, un disavanzo di circa 14 milioni di euro. Abbiamo ritenuto, pertanto, di comportarci in modo privo di contraddizioni rispetto a quanto denunciato nel corso degli anni e dell\u2019ultima campagna elettorale bocciando un rendiconto che, secondo il nostro punto di vista, \u00e8 solo frutto di una pessima gestione della cosa pubblica\u201d.<\/p>\n<p>\u201c Abbiamo avuto modo di rilevare inoltre \u2013 continuano i Consiglieri \u2013 che dello stesso avviso non sono state quelle forze, sempre di centro &#8211; destra, che per anni hanno gridato all\u2019inciucio e criticato la gestione della precedente amministrazione e che per\u00f2, nella seduta di ieri ( che rappresentava uno dei momenti politici pi\u00f9 importanti ), hanno deciso di ravvedersi e di votare a favore di un bilancio ereditato dalla gestione Santarsiero \u201c. <br \/> \u201d Che dire? Siamo stati gli unici a non aver avuto il timore di andare a casa bocciando, senza se e senza ma, il frutto di una gestione scellerata dei fondi pubblici e l\u2019abbiamo fatto per il profondo rispetto che nutriamo nei confronti dei nostri concittadini che invocano a gran voce il ritorno di una politica sana, trasparente e costruttiva \u201c . <br \/> \u201c Abbiamo voluto \u2013 concludono i Consiglieri \u2013 dare un chiaro segnale di libert\u00e0 e di lontananza da ogni forma di compromesso perch\u00e9 siamo convinti che voti ed il pensiero non debbano nella maniera pi\u00f9 assoluta essere svenduti per salvaguardare una postazione o per accedere ad altre pi\u00f9 ambite \u201c .\u00a0<\/p>\n","protected":false},"excerpt":{"rendered":"<p>\u201c Siamo stati gli unici coerenti del centro &#8211; destrain seno all\u2019assise comunale \u201c . E\u2019 quanto dichiarano in una nota i Consiglieri Fanelli ( &#8230; <\/p>\n","protected":false},"author":1,"featured_media":0,"comment_status":"closed","ping_status":"closed","sticky":false,"template":"single-sidebar.php","format":"standard","meta":{"footnotes":""},"categories":[384],"tags":[],"class_list":["post-9690","post","type-post","status-publish","format-standard","hentry","category-c243-comunicati-stampa-dei-consiglieri-243"],"_links":{"self":[{"href":"https:\/\/archivio.comune.potenza.it\/index.php?rest_route=\/wp\/v2\/posts\/9690"}],"collection":[{"href":"https:\/\/archivio.comune.potenza.it\/index.php?rest_route=\/wp\/v2\/posts"}],"about":[{"href":"https:\/\/archivio.comune.potenza.it\/index.php?rest_route=\/wp\/v2\/types\/post"}],"author":[{"embeddable":true,"href":"https:\/\/archivio.comune.potenza.it\/index.php?rest_route=\/wp\/v2\/users\/1"}],"replies":[{"embeddable":true,"href":"https:\/\/archivio.comune.potenza.it\/index.php?rest_route=%2Fwp%2Fv2%2Fcomments&post=9690"}],"version-history":[{"count":0,"href":"https:\/\/archivio.comune.potenza.it\/index.php?rest_route=\/wp\/v2\/posts\/9690\/revisions"}],"wp:attachment":[{"href":"https:\/\/archivio.comune.potenza.it\/index.php?rest_route=%2Fwp%2Fv2%2Fmedia&parent=9690"}],"wp:term":[{"taxonomy":"category","embeddable":true,"href":"https:\/\/archivio.comune.potenza.it\/index.php?rest_route=%2Fwp%2Fv2%2Fcategories&post=9690"},{"taxonomy":"post_tag","embeddable":true,"href":"https:\/\/archivio.comune.potenza.it\/index.php?rest_route=%2Fwp%2Fv2%2Ftags&post=9690"}],"curies":[{"name":"wp","href":"https:\/\/api.w.org\/{rel}","templated":true}]}}