{"id":9698,"date":"2014-07-31T16:08:42","date_gmt":"2014-07-31T14:08:42","guid":{"rendered":"http:\/\/archivio.comune.potenza.it\/comune_wp\/?p=9698"},"modified":"2014-07-31T16:08:42","modified_gmt":"2014-07-31T14:08:42","slug":"gruppo-consiliare-partito-democratico-utilizzo-palazzo-del-consiglio","status":"publish","type":"post","link":"https:\/\/archivio.comune.potenza.it\/?p=9698","title":{"rendered":"Gruppo consiliare Partito Democratico: Utilizzo Palazzo del Consiglio"},"content":{"rendered":"<p><span style=\"line-height: 1.3em;\">\u201cApprendiamo che il Sindaco De Luca a seguito dell\u2019incontro tenutosi con il Direttore Generale dell\u2019Ospedale San Carlo di Potenza, ha annunciato l\u2019imminente apertura nel Centro storico, cos\u00ec come richiesto dal Dott. Maruggi, di un idoneo sportello destinato alla effettuazione di operazioni quali il pagamento ticket, prenotazioni,ritiro referti, richiesta e ritiro di cartelle cliniche, attivazione di referti\u00a0 on line che sar\u00e0 dotato di uno sportello presidiato, di un totem multifunzionale e di un monitor informativo.\u201d<\/span><\/p>\n<p>Lo evidenziano i consiglieri del Gruppo PD in Consiglio Comunale aggiungendo \u201csiamo perfettamente in linea con la richiesta del Direttore, naturalmente tale iniziativa va dislocata in un locale idoneo e facilmente accessibile all\u2019utenza con particolare attenzione agli utenti portatori di handicap.<\/p>\n<p>Non comprendiamo invece la necessit\u00e0, come dalle dichiarazioni del Sindaco, di un trasferimento della sede dell\u2019anagrafe nei locali del Palazzo del Consiglio in piazza Matteotti, dal momento che tale servizio \u00e8 gi\u00e0 presente nel Centro storico a Piazza XVIII Agosto in ambienti raggiungibili con gli impianti meccanizzati e gi\u00e0 predisposti per l\u2019accoglienza degli cittadini portatori di handicap.\u201d<\/p>\n<p>\u00a0<\/p>\n","protected":false},"excerpt":{"rendered":"<p>\u201cApprendiamo che il Sindaco De Luca a seguito dell\u2019incontro tenutosi con il Direttore Generale dell\u2019Ospedale San Carlo di Potenza, ha annunciato l\u2019imminente apertura nel Centro &#8230; <\/p>\n","protected":false},"author":1,"featured_media":0,"comment_status":"closed","ping_status":"closed","sticky":false,"template":"single-sidebar.php","format":"standard","meta":{"footnotes":""},"categories":[384],"tags":[],"class_list":["post-9698","post","type-post","status-publish","format-standard","hentry","category-c243-comunicati-stampa-dei-consiglieri-243"],"_links":{"self":[{"href":"https:\/\/archivio.comune.potenza.it\/index.php?rest_route=\/wp\/v2\/posts\/9698"}],"collection":[{"href":"https:\/\/archivio.comune.potenza.it\/index.php?rest_route=\/wp\/v2\/posts"}],"about":[{"href":"https:\/\/archivio.comune.potenza.it\/index.php?rest_route=\/wp\/v2\/types\/post"}],"author":[{"embeddable":true,"href":"https:\/\/archivio.comune.potenza.it\/index.php?rest_route=\/wp\/v2\/users\/1"}],"replies":[{"embeddable":true,"href":"https:\/\/archivio.comune.potenza.it\/index.php?rest_route=%2Fwp%2Fv2%2Fcomments&post=9698"}],"version-history":[{"count":0,"href":"https:\/\/archivio.comune.potenza.it\/index.php?rest_route=\/wp\/v2\/posts\/9698\/revisions"}],"wp:attachment":[{"href":"https:\/\/archivio.comune.potenza.it\/index.php?rest_route=%2Fwp%2Fv2%2Fmedia&parent=9698"}],"wp:term":[{"taxonomy":"category","embeddable":true,"href":"https:\/\/archivio.comune.potenza.it\/index.php?rest_route=%2Fwp%2Fv2%2Fcategories&post=9698"},{"taxonomy":"post_tag","embeddable":true,"href":"https:\/\/archivio.comune.potenza.it\/index.php?rest_route=%2Fwp%2Fv2%2Ftags&post=9698"}],"curies":[{"name":"wp","href":"https:\/\/api.w.org\/{rel}","templated":true}]}}