{"id":9717,"date":"2014-08-05T13:58:29","date_gmt":"2014-08-05T11:58:29","guid":{"rendered":"http:\/\/archivio.comune.potenza.it\/comune_wp\/?p=9717"},"modified":"2014-08-05T13:58:29","modified_gmt":"2014-08-05T11:58:29","slug":"vincenzo-telesca-partito-democratico-sicurezza-e-pulizia-del-centro-storico","status":"publish","type":"post","link":"https:\/\/archivio.comune.potenza.it\/?p=9717","title":{"rendered":"Vincenzo Telesca (Partito Democratico): Sicurezza e pulizia del centro storico"},"content":{"rendered":"<p><span style=\"line-height: 1.3em;\">Durante l\u2019incontro tra il Sindaco ed il Direttore Generale dell\u2019Ospedale San Carlo \u00e8 emersa, tra le varie richieste, la necessit\u00e0 di <\/span><em style=\"line-height: 1.3em;\">\u201cun presidio fisso da parte della Polizia Locale almeno nella fascia oraria maggiormente critica, dalle ore 12 alle 15 indispensabile per garantire adeguata sicurezza alla circolazione, in particolare dei mezzi di soccorso ma anche per evitare la presenza, ormai consolidata, di ambulanti abusivi\u201d.<\/em><\/p>\n<p>Lo ricorda il consigliere comunale del PD Vincenzo Telesca auspicando che \u201cil medesimo presidio della Polizia Locale venga istituito in pianta stabile anche nel centro storico della citt\u00e0.<\/p>\n<p>E\u2019 noto a tutti, infatti, &#8211; dice- che il centro durante i fine settimana si popola di ragazzi, attratti dalla miriade di bar che affollano la Via Pretoria e i vicoli che ad essa conducono.<\/p>\n<p>Tale situazione, che ritengo essere apprezzabile sotto il profilo della vivacit\u00e0 di una citt\u00e0 da pi\u00f9 parti definita grigia e noiosa, dovrebbe fare il paio con il rispetto ed il riguardo di chi abita e lavora nel\u00a0 centro storico.<\/p>\n<p>Spesso la movida si prolunga nelle tarde ore della notte e la vitalit\u00e0 e l\u2019allegria sono soppiantate dagli eccessi. Cos\u00ec l\u2019indomani, gli abitanti del centro si ritrovano, spesso assonnati per aver dovuto sopportare schiamazzi che si innalzano dai capannelli che si vanno formando nei vicoli pi\u00f9 nascosti, a dover fare lo slalom tra i resti organici e non di una nottata mai controllata, per poi giungere alle proprie autovetture e dover constatare che anche queste ultime hanno pagato il dazio dell\u2019anarchia. (specchietti divelti, vetri rotti, pneumatici tagliati, ecc)<\/p>\n<p>Sarebbe opportuno, quindi, che il Sindaco, &#8211; continua Telesca- nulla impedendo alla gioiosa vivacit\u00e0 del centro, anzi invogliando l\u2019intensificarsi di manifestazioni e momenti ludici ed aggregativi, di modo che il divertimento e lo svago siano occasione di crescita invece che evidenza del disagio, predisponga la presenza costante, dalle ore 22.00 alle ore 01.00, di due o tre presidi della Polizia Locale, affinch\u00e8 quest\u2019ultima sia di ausilio all\u2019amministrazione nel garantire vivibilit\u00e0 e sicurezza nel centro storico, anche nelle ore serali e notturne.<\/p>\n<p>Tale iniziativa consentirebbe di guardare al centro storico come luogo in cui si intersecano pi\u00f9 interessi, (quelli dei ragazzi, dei commercianti, degli artigiani, dei professionisti, degli avventori e dei residenti tutti) e non come zona franca o regno di nessuno; cosicch\u00e8 nessuno dovr\u00e0 cedere il passo all\u2019altro, bens\u00ec, coesistere nel rispetto delle regole comuni.<\/p>\n<p>Ugualmente \u00e8 auspicabile, cosa che avviene quotidianamente anche nell\u2019amata Perugia del Vice Sindaco, che tutte le mattine la Via Pretoria ed i vicoli che la circondano, siano lavati per eliminare il continuo odore nauseabondo dell\u2019urina e dei rigurgiti alcolici, resi maggiormente insopportabili dalla calura estiva.<\/p>\n<p>Il richiesto duplice intervento, se attuato &#8211; conclude Telesca- potrebbe essere utile anche a porre fine sia al parcheggio selvaggio nelle piazze in cui \u00e8 vietato, (usanza che la procrastinata ed immotivata sospensione della ZTL ha indotto e che oggettivamente dequalifica il capoluogo), sia alla cattiva prassi dei proprietari di cani (che escono di sera e di mattino presto) di non raccogliere gli escrementi dei propri amati animali domestici.\u201d<\/p>\n","protected":false},"excerpt":{"rendered":"<p>Durante l\u2019incontro tra il Sindaco ed il Direttore Generale dell\u2019Ospedale San Carlo \u00e8 emersa, tra le varie richieste, la necessit\u00e0 di \u201cun presidio fisso da &#8230; <\/p>\n","protected":false},"author":1,"featured_media":0,"comment_status":"closed","ping_status":"closed","sticky":false,"template":"single-sidebar.php","format":"standard","meta":{"footnotes":""},"categories":[384],"tags":[],"class_list":["post-9717","post","type-post","status-publish","format-standard","hentry","category-c243-comunicati-stampa-dei-consiglieri-243"],"_links":{"self":[{"href":"https:\/\/archivio.comune.potenza.it\/index.php?rest_route=\/wp\/v2\/posts\/9717"}],"collection":[{"href":"https:\/\/archivio.comune.potenza.it\/index.php?rest_route=\/wp\/v2\/posts"}],"about":[{"href":"https:\/\/archivio.comune.potenza.it\/index.php?rest_route=\/wp\/v2\/types\/post"}],"author":[{"embeddable":true,"href":"https:\/\/archivio.comune.potenza.it\/index.php?rest_route=\/wp\/v2\/users\/1"}],"replies":[{"embeddable":true,"href":"https:\/\/archivio.comune.potenza.it\/index.php?rest_route=%2Fwp%2Fv2%2Fcomments&post=9717"}],"version-history":[{"count":0,"href":"https:\/\/archivio.comune.potenza.it\/index.php?rest_route=\/wp\/v2\/posts\/9717\/revisions"}],"wp:attachment":[{"href":"https:\/\/archivio.comune.potenza.it\/index.php?rest_route=%2Fwp%2Fv2%2Fmedia&parent=9717"}],"wp:term":[{"taxonomy":"category","embeddable":true,"href":"https:\/\/archivio.comune.potenza.it\/index.php?rest_route=%2Fwp%2Fv2%2Fcategories&post=9717"},{"taxonomy":"post_tag","embeddable":true,"href":"https:\/\/archivio.comune.potenza.it\/index.php?rest_route=%2Fwp%2Fv2%2Ftags&post=9717"}],"curies":[{"name":"wp","href":"https:\/\/api.w.org\/{rel}","templated":true}]}}