{"id":9723,"date":"2014-08-06T07:11:28","date_gmt":"2014-08-06T05:11:28","guid":{"rendered":"http:\/\/archivio.comune.potenza.it\/comune_wp\/?p=9723"},"modified":"2014-08-06T07:11:28","modified_gmt":"2014-08-06T05:11:28","slug":"donato-nole-insieme-si-cambia-pianeta-rifiuti-solidarieta-e-propositivita","status":"publish","type":"post","link":"https:\/\/archivio.comune.potenza.it\/?p=9723","title":{"rendered":"Donato Nol\u00e8 (Insieme si cambia): Pianeta rifiuti: solidariet\u00e0 e propositivit\u00e0"},"content":{"rendered":"<p><span style=\"line-height: 1.3em;\">Apprendiamo dalla stampa locale della visita dell\u2019assessore all\u2019ambiente del Comune di Potenza Avv.to Pepe al presidio dei lavoratori che la TEP impiegava presso l\u2019ex inceneritore.<\/span><\/p>\n<p><span style=\"line-height: 1.3em;\">Preliminarmente va detto che l\u2019inceneritore non risulta abbia mai avuto alcun ciclo produttivo anzi \u00e8, per alcune parti, non ancora collaudato e, per tale ragione allo stato \u00e8 da escludere che possa mai funzionare.<\/span><\/p>\n<p><span style=\"line-height: 1.3em;\">Pur condividendo la solidariet\u00e0 ai lavoratori e apprezzando il senso di responsabilit\u00e0 dell\u2019amministratore, non si pu\u00f2 non rilevare che allo stato riesce difficile comprendere quali obbiettivi si sia imposta questa amministrazione in materia di rifiuti.<\/span><\/p>\n<p>\u00a0<\/p>\n<p>Eccetto la predisposizione di un bando per il mero acquisto di automezzi e contenitori, gi\u00e0 predisposto dalla passata amministrazione, ed eccetto la condivisione dello spostamento della stazione di trasferenza da Tito a Potenza, presso il sito di Vallone Calabrese (ex inceneritore), anche\u2019esso oggetto di programmazione della passata amministrazione, non risulta che vi sia nulla di nuovo.<\/p>\n<p><span style=\"line-height: 1.3em;\">Pur escludendo ogni inutile e sterile polemica, ad oggi pur con il percorso amministrativo lastricato di buone intenzioni, non \u00e8 dato sapere cosa si sia deciso sulla raccolta porta a porta, non \u00e8 dato sapere quando si pensa di poterla attivare, con quali modalit\u00e0, su quale parte della citt\u00e0, e con quali risorse umane.<\/span><\/p>\n<p>\u00a0<\/p>\n<p>E ancora non \u00e8 dato sapere quale destinazione debba avere la parte non riciclabile, ne di quale <em>\u201c\u2026 nuovo sistema di raccolta\u2026\u201d<\/em> e a quale <em>\u201c\u2026 impiantistica di dignitoso livello.\u201d<\/em> Si riferisca l\u2019assessore nelle sue dichiarazioni.<\/p>\n<p><span style=\"line-height: 1.3em;\">Urge certamente avviare progettualit\u00e0 che diano soluzioni definitive all\u2019argomento rifiuti; predisporre progetti di impianti ad alta tecnologia che possano trarre dai rifiuti ogni beneficio possibile sotto l\u2019aspetto economico e della salubrit\u00e0 dell\u2019ambiente, ma occorre che queste prospettive vengano prima proposte, poi elaborate e successivamente illustrate nelle sedi competenti.<\/span><\/p>\n<p>\u00a0<\/p>\n<p>Per questo nei prossimi giorni sar\u00e0 necessario che la Commissione permanente che mi onoro di presiedere lavori a pieno ritmo con la partecipazione di tutti gli attori interessati: dell\u2019Assessore al ramo, della dirigenza di Acta, delle aziende che operano nel settore rifiuti e delle associazioni attive sull\u2019argomento al fine di individuare ogni pi\u00f9 utile soluzione a breve, medio e lungo termine per dare una risposta definitiva al problema rifiuti che da troppi anni pesa sulla salute dei suoi residenti, sul decoro della citt\u00e0 capoluogo e sulle tasche di una intera comunit\u00e0.<\/p>\n<p>\u00a0<\/p>\n","protected":false},"excerpt":{"rendered":"<p>Apprendiamo dalla stampa locale della visita dell\u2019assessore all\u2019ambiente del Comune di Potenza Avv.to Pepe al presidio dei lavoratori che la TEP impiegava presso l\u2019ex inceneritore. &#8230; <\/p>\n","protected":false},"author":1,"featured_media":0,"comment_status":"closed","ping_status":"closed","sticky":false,"template":"single-sidebar.php","format":"standard","meta":{"footnotes":""},"categories":[384],"tags":[],"class_list":["post-9723","post","type-post","status-publish","format-standard","hentry","category-c243-comunicati-stampa-dei-consiglieri-243"],"_links":{"self":[{"href":"https:\/\/archivio.comune.potenza.it\/index.php?rest_route=\/wp\/v2\/posts\/9723"}],"collection":[{"href":"https:\/\/archivio.comune.potenza.it\/index.php?rest_route=\/wp\/v2\/posts"}],"about":[{"href":"https:\/\/archivio.comune.potenza.it\/index.php?rest_route=\/wp\/v2\/types\/post"}],"author":[{"embeddable":true,"href":"https:\/\/archivio.comune.potenza.it\/index.php?rest_route=\/wp\/v2\/users\/1"}],"replies":[{"embeddable":true,"href":"https:\/\/archivio.comune.potenza.it\/index.php?rest_route=%2Fwp%2Fv2%2Fcomments&post=9723"}],"version-history":[{"count":0,"href":"https:\/\/archivio.comune.potenza.it\/index.php?rest_route=\/wp\/v2\/posts\/9723\/revisions"}],"wp:attachment":[{"href":"https:\/\/archivio.comune.potenza.it\/index.php?rest_route=%2Fwp%2Fv2%2Fmedia&parent=9723"}],"wp:term":[{"taxonomy":"category","embeddable":true,"href":"https:\/\/archivio.comune.potenza.it\/index.php?rest_route=%2Fwp%2Fv2%2Fcategories&post=9723"},{"taxonomy":"post_tag","embeddable":true,"href":"https:\/\/archivio.comune.potenza.it\/index.php?rest_route=%2Fwp%2Fv2%2Ftags&post=9723"}],"curies":[{"name":"wp","href":"https:\/\/api.w.org\/{rel}","templated":true}]}}