{"id":9731,"date":"2014-08-07T14:26:17","date_gmt":"2014-08-07T12:26:17","guid":{"rendered":"http:\/\/archivio.comune.potenza.it\/comune_wp\/?p=9731"},"modified":"2014-08-07T14:26:17","modified_gmt":"2014-08-07T12:26:17","slug":"savino-giannizzari-movimento-5stelle-potenza-senza-gas-metano-nelle-contrade","status":"publish","type":"post","link":"https:\/\/archivio.comune.potenza.it\/?p=9731","title":{"rendered":"Savino Giannizzari (Movimento 5 Stelle): Potenza senza gas metano nelle contrade"},"content":{"rendered":"<p><span style=\"line-height: 1.3em;\">In Basilicata si estrae il 63 per cento di gas naturale presente nel sottosuolo italiano, la nostra regione paga un prezzo altissimo sul piano ambientale con conseguenze molto gravi per la salute pubblica e la tutela del territorio. Nonostante ci\u00f2, molte contrade della citt\u00e0 di Potenza non sono ancora collegate alla rete del gas metano, inoltre i potentini e tutti i lucani pagano il gas il 13 per cento in pi\u00f9 rispetto ad altre regioni italiane.<\/span><\/p>\n<p><span style=\"line-height: 1.3em;\">Tale situazione si \u00e8 verificata in quanto le passate Amministrazioni comunali di Potenza e l\u2019ex sindaco Vito Santarsiero, che ha governato la citt\u00e0 negli ultimi dieci anni, si sono assunti la responsabilit\u00e0 di non aver amministrato con oculatezza e di aver fatto la scelta di non mettere al primo posto gli interessi dei cittadini. Purtroppo, va preso atto che anche per la metanizzazione nelle campagne o perlomeno nelle contrade pi\u00f9 popolose della citt\u00e0, i vecchi amministratori comunali non sono stati in grado di presentare i progetti necessari e di pianificare i bisogni urbanistici della citt\u00e0. Inoltre, non sono stati capaci di ottenere finanziamenti, ai sensi degli accordi per l\u2019estrazione del petrolio in Basilicata, cos\u00ec come \u00e8 avvenuto in numerosi altri comuni lucani.<\/span><\/p>\n<p><span style=\"line-height: 1.3em;\">Rispetto al costo del gas, che a Potenza e in Basilicata costa il 13% in pi\u00f9 rispetto al resto d\u2019Italia, si potrebbe affrontare la questione costituendo per l\u2019intera provincia di Potenza un solo ambito territoriale e non due com\u2019\u00e8 adesso. Tale adempimento darebbe diritto a pagare il 13 % in meno, in quanto gli utenti allacciati alla rete del metano, essendo racchiusi in un unico ambito territoriale, supererebbero le 300mila unit\u00e0. Per ottenere tutto ci\u00f2, \u00e8 il Comune di Potenza che in qualit\u00e0 di stazione appaltante, cos\u00ec come prevede la legge, dovrebbe deliberare in proposito e condividere la scelta con gli altri Comuni della provincia.<\/span><\/p>\n<p><span style=\"line-height: 1.3em;\">Per entrambi i problemi che abbiamo esposto, ci aspettiamo che il sindaco De Luca e l\u2019assessore competente si attivino al pi\u00f9 presto per predisporre i provvedimenti e le procedure normative, finanziarie e progettuali pi\u00f9 idonee per poter assicurare la rete di metanizzazione nelle contrade e la riduzione del costo del gas per tutti i potentini, alla pari di altre citt\u00e0 italiane.<\/span><\/p>\n<p>\u00a0<\/p>\n","protected":false},"excerpt":{"rendered":"<p>In Basilicata si estrae il 63 per cento di gas naturale presente nel sottosuolo italiano, la nostra regione paga un prezzo altissimo sul piano ambientale &#8230; <\/p>\n","protected":false},"author":1,"featured_media":0,"comment_status":"closed","ping_status":"closed","sticky":false,"template":"single-sidebar.php","format":"standard","meta":{"footnotes":""},"categories":[384],"tags":[],"class_list":["post-9731","post","type-post","status-publish","format-standard","hentry","category-c243-comunicati-stampa-dei-consiglieri-243"],"_links":{"self":[{"href":"https:\/\/archivio.comune.potenza.it\/index.php?rest_route=\/wp\/v2\/posts\/9731"}],"collection":[{"href":"https:\/\/archivio.comune.potenza.it\/index.php?rest_route=\/wp\/v2\/posts"}],"about":[{"href":"https:\/\/archivio.comune.potenza.it\/index.php?rest_route=\/wp\/v2\/types\/post"}],"author":[{"embeddable":true,"href":"https:\/\/archivio.comune.potenza.it\/index.php?rest_route=\/wp\/v2\/users\/1"}],"replies":[{"embeddable":true,"href":"https:\/\/archivio.comune.potenza.it\/index.php?rest_route=%2Fwp%2Fv2%2Fcomments&post=9731"}],"version-history":[{"count":0,"href":"https:\/\/archivio.comune.potenza.it\/index.php?rest_route=\/wp\/v2\/posts\/9731\/revisions"}],"wp:attachment":[{"href":"https:\/\/archivio.comune.potenza.it\/index.php?rest_route=%2Fwp%2Fv2%2Fmedia&parent=9731"}],"wp:term":[{"taxonomy":"category","embeddable":true,"href":"https:\/\/archivio.comune.potenza.it\/index.php?rest_route=%2Fwp%2Fv2%2Fcategories&post=9731"},{"taxonomy":"post_tag","embeddable":true,"href":"https:\/\/archivio.comune.potenza.it\/index.php?rest_route=%2Fwp%2Fv2%2Ftags&post=9731"}],"curies":[{"name":"wp","href":"https:\/\/api.w.org\/{rel}","templated":true}]}}