{"id":9733,"date":"2014-08-07T14:35:17","date_gmt":"2014-08-07T12:35:17","guid":{"rendered":"http:\/\/archivio.comune.potenza.it\/comune_wp\/?p=9733"},"modified":"2014-08-07T14:35:17","modified_gmt":"2014-08-07T12:35:17","slug":"nicola-lovallo-partito-democratico-riconversione-inceneritore","status":"publish","type":"post","link":"https:\/\/archivio.comune.potenza.it\/?p=9733","title":{"rendered":"Nicola Lovallo (Partito Democratico): Riconversione inceneritore"},"content":{"rendered":"<p><span style=\"line-height: 1.3em;\">\u201cCon la riconversione dell\u2019inceneritore di Pallareta destinato a diventare area di trasferenza dove andranno a conferire\u00a0 rifiuti i Comuni del bacino centro arriva a compimento un percorso che ha visto la precedente Amministrazione ripiegarsi in un lungo e complicato lavoro negli anni precedenti con interazioni tra i diversi livelli istituzionali.\u00a0 L\u2019attivazione della nuova area di trasferenza nell\u2019ambito della zona di vallone Calabrese e l\u2019autorizzazione per la realizzazione di ulteriori volumi nella discarica di Pallareta\u00a0 sono tutti provvedimenti di grande rilevanza per la citt\u00e0 e per i Comuni dell\u2019hinterland potentino che cambieranno completamente volto a questo settore, quello dei rifiuti appunto, di fondamentale importanza per la nostra comunit\u00e0.\u201d<\/span><\/p>\n<p>Lo sostiene il consigliere comunale del Pd Nicola Lovallo che, con riferimento agli attacchi strumentali e alle vicende che riguardano l\u2019inceneritore, ricorda come nel 2008 l\u2019inceneritore fu chiuso proprio perch\u00e9 costava pi\u00f9 incenerire i rifiuti in quel sito che portarli in discarica. Per rendere pi\u00f9 efficiente\u00a0 il servizio l\u2019allora propriet\u00e0 della struttura propose di riqualificazione l\u2019impianto chiedendo lavori il cui costo fu ritenuto insostenibile dall\u2019Amministrazione.\u00a0 Di qui la lunga vicenda che ha visto la societ\u00e0 Veolia andare in procedura prefallimentare e l\u2019Amministrazione comunale affrontare una lunga serie di contenziosi fino alla chiusura degli stessi che ha consentito al Comune di riappropriarsi dell\u2019area e dello stesso inceneritore.<\/p>\n<p>Tutto ci\u00f2 era indispensabile per poter usufruire del fondo regionale per 300 mila euro che consentir\u00e0 all\u2019inceneritore di diventare area di trasferenza.<\/p>\n<p>Uno straordinario risultato \u2013dice Lovallo-\u00a0 che porta sotto la governance pubblica un sistema governato fino ad oggi dai privati consentendo non solo trasparenza nel sistema dei rifiuti ma un beneficio economico per il Comune di Potenza notevole. Saranno infatti gli altri Comuni del bacino centro a pagare all\u2019Amministrazione del capoluogo il servizio di trasferenza e ci\u00f2 consentir\u00e0 un abbassamento del costo delle bollette della spazzatura per i cittadini oltre che la possibilit\u00e0 di poter riutilizzare i lavoratori dell\u2019inceneritore.\u201d<\/p>\n<p class=\"Stilepredefinito\">\u00a0<\/p>\n<p class=\"Stilepredefinito\">.\u00a0<\/p>\n","protected":false},"excerpt":{"rendered":"<p>\u201cCon la riconversione dell\u2019inceneritore di Pallareta destinato a diventare area di trasferenza dove andranno a conferire\u00a0 rifiuti i Comuni del bacino centro arriva a compimento &#8230; <\/p>\n","protected":false},"author":1,"featured_media":0,"comment_status":"closed","ping_status":"closed","sticky":false,"template":"single-sidebar.php","format":"standard","meta":{"footnotes":""},"categories":[384],"tags":[],"class_list":["post-9733","post","type-post","status-publish","format-standard","hentry","category-c243-comunicati-stampa-dei-consiglieri-243"],"_links":{"self":[{"href":"https:\/\/archivio.comune.potenza.it\/index.php?rest_route=\/wp\/v2\/posts\/9733"}],"collection":[{"href":"https:\/\/archivio.comune.potenza.it\/index.php?rest_route=\/wp\/v2\/posts"}],"about":[{"href":"https:\/\/archivio.comune.potenza.it\/index.php?rest_route=\/wp\/v2\/types\/post"}],"author":[{"embeddable":true,"href":"https:\/\/archivio.comune.potenza.it\/index.php?rest_route=\/wp\/v2\/users\/1"}],"replies":[{"embeddable":true,"href":"https:\/\/archivio.comune.potenza.it\/index.php?rest_route=%2Fwp%2Fv2%2Fcomments&post=9733"}],"version-history":[{"count":0,"href":"https:\/\/archivio.comune.potenza.it\/index.php?rest_route=\/wp\/v2\/posts\/9733\/revisions"}],"wp:attachment":[{"href":"https:\/\/archivio.comune.potenza.it\/index.php?rest_route=%2Fwp%2Fv2%2Fmedia&parent=9733"}],"wp:term":[{"taxonomy":"category","embeddable":true,"href":"https:\/\/archivio.comune.potenza.it\/index.php?rest_route=%2Fwp%2Fv2%2Fcategories&post=9733"},{"taxonomy":"post_tag","embeddable":true,"href":"https:\/\/archivio.comune.potenza.it\/index.php?rest_route=%2Fwp%2Fv2%2Ftags&post=9733"}],"curies":[{"name":"wp","href":"https:\/\/api.w.org\/{rel}","templated":true}]}}