{"id":9749,"date":"2014-08-08T14:40:33","date_gmt":"2014-08-08T12:40:33","guid":{"rendered":"http:\/\/archivio.comune.potenza.it\/comune_wp\/?p=9749"},"modified":"2014-08-08T14:40:33","modified_gmt":"2014-08-08T12:40:33","slug":"pietro-campagna-centro-democratico-staff-del-sindaco","status":"publish","type":"post","link":"https:\/\/archivio.comune.potenza.it\/?p=9749","title":{"rendered":"Pietro Campagna (Centro Democratico): Staff del Sindaco"},"content":{"rendered":"<p class=\"Corpo\"><span style=\"line-height: 1.3em;\">Nella seduta del sette agosto la Giunta Comunale di destra, guidata dal Sindaco De Luca, ha approvato una delibera con la quale costituisce l&#8217;Ufficio di Staff del Sindaco<\/span><\/p>\n<p class=\"Corpo\"><span>Se fosse solo questo non ci sarebbero eccezioni da muovere perch\u00e9 e&#8217; nella logica delle cose che un Sindaco voglia dotarsi di una struttura di supporto di sua fiducia.<\/span><\/p>\n<p class=\"Corpo\"><span>La prima sorpresa e&#8217;, per\u00f2, ritrovare nello staff del Sindaco De Luca quello stesso funzionario gi\u00e0 promosso a dirigente, con funzioni di supervisione di tutta l&#8217;area economico finanziario, immediatamente dopo l&#8217;insediamento, ma che le immediate proteste per la creazione di un\u00a0\u00a0\u00a0\u00a0 ulteriore dirigente hanno evidentemente convinto a pi\u00f9 miti consigli.<\/span><\/p>\n<p class=\"Corpo\"><span>Ma ci\u00f2 che lascia veramente sconcertati e&#8217; ritrovare nell&#8217;ufficio di staff del Sindaco il gi\u00e0 consigliere comunale Rocco Coviello, appena dimessosi dalla funzione elettiva proprio per essere assunto direttamente dal Sindaco De Luca con un contratto a tempo determinato per tutta la durata del mandato del sindaco, con buona pace di tutti i giovani potentini laureati e diplomati, che non hanno evidentemente la stessa fortuna o le stesse amicizie del gi\u00e0 Consigliere Comunale Coviello, e dei suoi stessi elettori che avevano evidentemente ritenuto di affidargli ben altre funzioni di rappresentanza.<\/span><\/p>\n<p class=\"Corpo\"><span>Ovviamente il tutto a carico del bilancio del Comune di Potenza con una ulteriore spesa di circa 50.000 euro all&#8217;anno, perch\u00e9 poi \u00e8 ovvio che alle retribuzioni bisogna anche considerare l&#8217;incidenza degli oneri riflessi e delle indennit\u00e0 aggiuntive.<\/span><\/p>\n<p class=\"Corpo\"><span>E&#8217; forse un&#8217;altra cambiale elettorale che il Sindaco De Luca doveva pagare a quelle forze politiche che lo hanno sostenuto in campagna elettorale??????? <\/span><\/p>\n<p class=\"Corpo\"><span>Una cosa in ogni caso certa e&#8217; che questa Amministrazione, sempre pi\u00f9 schiacciata sull&#8217;estrema destra dello schieramento politico, ritiene di essere libera di predicare di giorno il rigore e di fare nottetempo esattamente il contrario.<\/span><\/p>\n<p class=\"Corpo\"><span>Evidentemente questo e&#8217; il concetto di risanamento economico che la Giunta De Luca ritiene di attuare ed \u00e8 su questi ulteriori aggravi di spesa che l&#8217;Assessore Martoccia vuole fondare il suo piano di riequilibrio finanziario dei conti del Comune di Potenza.\u00a0\u00a0 <\/span><\/p>\n<p class=\"Corpo\"><span>\u00a0<\/span><\/p>\n","protected":false},"excerpt":{"rendered":"<p>Nella seduta del sette agosto la Giunta Comunale di destra, guidata dal Sindaco De Luca, ha approvato una delibera con la quale costituisce l&#8217;Ufficio di &#8230; <\/p>\n","protected":false},"author":1,"featured_media":0,"comment_status":"closed","ping_status":"closed","sticky":false,"template":"single-sidebar.php","format":"standard","meta":{"footnotes":""},"categories":[384],"tags":[],"class_list":["post-9749","post","type-post","status-publish","format-standard","hentry","category-c243-comunicati-stampa-dei-consiglieri-243"],"_links":{"self":[{"href":"https:\/\/archivio.comune.potenza.it\/index.php?rest_route=\/wp\/v2\/posts\/9749"}],"collection":[{"href":"https:\/\/archivio.comune.potenza.it\/index.php?rest_route=\/wp\/v2\/posts"}],"about":[{"href":"https:\/\/archivio.comune.potenza.it\/index.php?rest_route=\/wp\/v2\/types\/post"}],"author":[{"embeddable":true,"href":"https:\/\/archivio.comune.potenza.it\/index.php?rest_route=\/wp\/v2\/users\/1"}],"replies":[{"embeddable":true,"href":"https:\/\/archivio.comune.potenza.it\/index.php?rest_route=%2Fwp%2Fv2%2Fcomments&post=9749"}],"version-history":[{"count":0,"href":"https:\/\/archivio.comune.potenza.it\/index.php?rest_route=\/wp\/v2\/posts\/9749\/revisions"}],"wp:attachment":[{"href":"https:\/\/archivio.comune.potenza.it\/index.php?rest_route=%2Fwp%2Fv2%2Fmedia&parent=9749"}],"wp:term":[{"taxonomy":"category","embeddable":true,"href":"https:\/\/archivio.comune.potenza.it\/index.php?rest_route=%2Fwp%2Fv2%2Fcategories&post=9749"},{"taxonomy":"post_tag","embeddable":true,"href":"https:\/\/archivio.comune.potenza.it\/index.php?rest_route=%2Fwp%2Fv2%2Ftags&post=9749"}],"curies":[{"name":"wp","href":"https:\/\/api.w.org\/{rel}","templated":true}]}}